{"id":1013,"date":"2019-05-08T01:41:55","date_gmt":"2019-05-07T22:41:55","guid":{"rendered":"https:\/\/www.bordomuzik.com\/?p=1013"},"modified":"2020-01-10T22:56:10","modified_gmt":"2020-01-10T22:56:10","slug":"produktorlugunu-galip-kayihanin-yaptigi-destanin-albumu","status":"publish","type":"post","link":"https:\/\/bordomuzik.com\/?p=1013","title":{"rendered":"PROD\u00dcKT\u00d6RL\u00dc\u011e\u00dc&#8217;N\u00dc GAL\u0130P KAYIHAN&#8217;IN YAPTI\u011eI &#8220;DESTAN&#8217;IN ALB\u00dcM\u00dc&#8221;"},"content":{"rendered":"<h1>Merhum m\u00fczik adam\u0131 Galip Kay\u0131han ile ilk \u00e7al\u0131\u015fmam\u0131zd\u0131<\/h1>\n<h2>2013 Y\u0131l\u0131nda \u00e7\u0131kard\u0131\u011f\u0131m\u0131z &#8220;Destan-Veda&#8221; alb\u00fcm\u00fc<\/h2>\n<p>&nbsp;<\/p>\n<h3>Alb\u00fcm\u00fcn an be an her a\u015famas\u0131nda yer ald\u0131<\/h3>\n<figure id=\"attachment_1015\" aria-describedby=\"caption-attachment-1015\" style=\"width: 512px\" class=\"wp-caption aligncenter\"><img decoding=\"async\" loading=\"lazy\" class=\"size-full wp-image-1015\" src=\"https:\/\/bordomuzik.com\/wp-content\/uploads\/2019\/05\/Destan.512x350-1.jpg\" alt=\"\" width=\"512\" height=\"350\" srcset=\"https:\/\/bordomuzik.com\/wp-content\/uploads\/2019\/05\/Destan.512x350-1.jpg 512w, https:\/\/bordomuzik.com\/wp-content\/uploads\/2019\/05\/Destan.512x350-1-300x205.jpg 300w\" sizes=\"(max-width: 512px) 100vw, 512px\" \/><figcaption id=\"caption-attachment-1015\" class=\"wp-caption-text\">produktorlugunu-galip-kayihanin-yaptigi-destanin-albumu-2<\/figcaption><\/figure>\n<p><strong>\u2018\u2019<\/strong>M\u00dcZ\u0130\u011e\u0130N BARONLARI <strong>DESTAN\u2019<\/strong>LA\u015eTI<strong>\u2019\u2019<\/strong><\/p>\n<p>Ya\u015fayan efsanelerle aram\u0131zdan ayr\u0131lan \u00f6l\u00fcms\u00fcz efsaneler, Destan\u2019la bir araya geldiler \u2026<strong>\u00a0<\/strong><\/p>\n<p><strong>\u2018\u2019 M\u00fczikten kopar\u0131lan\u00a0 <\/strong>Destan&#8217;\u0131n 7 senelik zorunlu ayr\u0131l\u0131ktan sonra \u00e7\u0131kartt\u0131\u011f\u0131 ve \u00f6zg\u00fcrl\u00fc\u011f\u00fcn\u00fc ilan etti\u011fi\u00a0 Veda alb\u00fcm\u00fcnde yer alan \u2018\u2019Ben \u00d6l\u00fcrsem\u2019\u2019 isimli \u015fark\u0131s\u0131,T\u00fcrk M\u00fczi\u011finin idollerini bir araya getirdi.<\/p>\n<p>Tarihinde \u00e7ok derin izler b\u0131rakm\u0131\u015f, m\u00fczisyen a\u011fabeyleri;Cahit BERKAY,Cudi KOYUNCU,Erdem S\u00d6KMEN,Erkan O\u011eUR,Galip KAYIHAN,G\u00fcr AKAD,\u0130smail SOYBERK,Koral SARITA\u015e ve Turhan Y\u00dcKSELER\u00a0 bir araya geldiler ve y\u0131llarca ayn\u0131 sahneyi payla\u015fm\u0131\u015f,daha sonra aralar\u0131ndan ayr\u0131lm\u0131\u015f,Cem KARACA,Bar\u0131\u015f MAN\u00c7O,Bahad\u0131r AKKUZU,Engin Y\u00d6R\u00dcKO\u011eLU gibi efsanelerin an\u0131s\u0131na bu eserde DESTAN ile birlikte yer ald\u0131lar\u2026<\/p>\n<figure id=\"attachment_1016\" aria-describedby=\"caption-attachment-1016\" style=\"width: 512px\" class=\"wp-caption aligncenter\"><img decoding=\"async\" loading=\"lazy\" class=\"wp-image-1016 size-full\" src=\"https:\/\/bordomuzik.com\/wp-content\/uploads\/2019\/05\/Destan...512x350-1.jpg\" alt=\"\" width=\"512\" height=\"350\" srcset=\"https:\/\/bordomuzik.com\/wp-content\/uploads\/2019\/05\/Destan...512x350-1.jpg 512w, https:\/\/bordomuzik.com\/wp-content\/uploads\/2019\/05\/Destan...512x350-1-300x205.jpg 300w\" sizes=\"(max-width: 512px) 100vw, 512px\" \/><figcaption id=\"caption-attachment-1016\" class=\"wp-caption-text\">produktorlugunu-galip-kayihanin-yaptigi-destanin-albumu-3<\/figcaption><\/figure>\n<p>&nbsp;<\/p>\n<p>G\u00f6n\u00fcllere DESTAN yazm\u0131\u015f ustalar\u0131n an\u0131s\u0131na,dillere DESTAN bir \u015fark\u0131\u2026<\/p>\n<p>Destan\u2019\u0131n, Veda alb\u00fcm\u00fcnde yer alan \u2018<strong>\u2019Ben \u00d6l\u00fcrsem\u2019\u2019<\/strong> adl\u0131 esere \u00e7ekilen klibin y\u00f6netmenli\u011fini Tarkan,Cem \u00d6zel karde\u015fler,g\u00f6r\u00fcnt\u00fc y\u00f6netmenli\u011fini Ercan Y\u0131lmaz \u00fcstlendi.Blue Box tekni\u011fi ile full HD \u00e7ekilen klipte ise ; M\u00fczik tarihine ismini kaz\u0131m\u0131\u015f <strong>Cahit BERKAY<\/strong> \u2018dan,(Sibel Can,Ebru G\u00fcnde\u015f,Serdar Orta\u00e7,Rafet El Roman ve daha nice isimleri ke\u015ffetmi\u015f usta prod\u00fckt\u00f6r-m\u00fczisyen) <strong>Koral SARITA\u015e\u2019<\/strong>a,(D\u00fcnya \u00e7ap\u0131nda m\u00fczisyen,compositor,\u015eef\u2026Cem Karaca,Bar\u0131\u015f Man\u00e7o,Ajda Pekkan,MF\u00d6 ve daha bir\u00e7ok sanat\u00e7\u0131n\u0131n m\u00fczik direkt\u00f6r\u00fc ve M\u00fczi\u011fin sihirbaz\u0131 )<strong>Turhan Y\u00dcKSELER\u2019<\/strong>den, (Bestecili\u011fi,Vizyonu,Heyecan\u0131,m\u00fczisyenli\u011fi ve prod\u00fckt\u00f6rl\u00fc\u011f\u00fc tart\u0131\u015f\u0131lmaz,usta)<strong> Galip KAYIHAN<\/strong>\u2019dan,(Ozanl\u0131\u011f\u0131,enstr\u00fcmanistli\u011fi ve Bestecili\u011fi ile \u00f6nemli i\u015fler yapm\u0131\u015f ve ayn\u0131 zamanda \u2018\u2019Ben \u00d6l\u00fcrsem\u2019\u2019inde sahibi b\u00fcy\u00fck insan) <strong>Cudi KOYUNCU<\/strong>\u2019ya,<strong> \u0130smail SOYBERK<\/strong>\u2019e kadar bir \u00e7ok usta, Destan\u2019la birlikte yer alarak yine \u00e7ok \u00f6nemli bir i\u015fin alt\u0131na imzalar\u0131n\u0131 att\u0131lar.<\/p>\n<figure id=\"attachment_1017\" aria-describedby=\"caption-attachment-1017\" style=\"width: 512px\" class=\"wp-caption aligncenter\"><img decoding=\"async\" loading=\"lazy\" class=\"size-full wp-image-1017\" src=\"https:\/\/bordomuzik.com\/wp-content\/uploads\/2019\/05\/Destan.8.512x350-1.jpg\" alt=\"\" width=\"512\" height=\"350\" srcset=\"https:\/\/bordomuzik.com\/wp-content\/uploads\/2019\/05\/Destan.8.512x350-1.jpg 512w, https:\/\/bordomuzik.com\/wp-content\/uploads\/2019\/05\/Destan.8.512x350-1-300x205.jpg 300w\" sizes=\"(max-width: 512px) 100vw, 512px\" \/><figcaption id=\"caption-attachment-1017\" class=\"wp-caption-text\">produktorlugunu-galip-kayihanin-yaptigi-destanin-albumu-4<\/figcaption><\/figure>\n<p>Bu \u015fark\u0131da yok yok!!!!!<\/p>\n<p>&nbsp;<\/p>\n<p>&nbsp;<\/p>\n","protected":false},"excerpt":{"rendered":"<p>Merhum m\u00fczik adam\u0131 Galip Kay\u0131han ile ilk \u00e7al\u0131\u015fmam\u0131zd\u0131 2013 Y\u0131l\u0131nda \u00e7\u0131kard\u0131\u011f\u0131m\u0131z &#8220;Destan-Veda&#8221; alb\u00fcm\u00fc &nbsp; Alb\u00fcm\u00fcn an be an her a\u015famas\u0131nda yer ald\u0131 \u2018\u2019M\u00dcZ\u0130\u011e\u0130N BARONLARI DESTAN\u2019LA\u015eTI\u2019\u2019 Ya\u015fayan efsanelerle aram\u0131zdan ayr\u0131lan \u00f6l\u00fcms\u00fcz efsaneler, Destan\u2019la bir araya geldiler \u2026\u00a0 \u2018\u2019 M\u00fczikten kopar\u0131lan\u00a0 Destan&#8217;\u0131n 7 senelik zorunlu ayr\u0131l\u0131ktan sonra \u00e7\u0131kartt\u0131\u011f\u0131 ve \u00f6zg\u00fcrl\u00fc\u011f\u00fcn\u00fc ilan etti\u011fi\u00a0 Veda alb\u00fcm\u00fcnde yer alan \u2018\u2019Ben&#8230;<\/p>\n","protected":false},"author":3,"featured_media":1014,"comment_status":"open","ping_status":"open","sticky":false,"template":"","format":"standard","meta":[],"categories":[32,3,4,8],"tags":[125,133,137,171],"aioseo_notices":[],"jetpack_sharing_enabled":true,"jetpack_featured_media_url":"https:\/\/bordomuzik.com\/wp-content\/uploads\/2019\/05\/Destan.620x401-1.jpg","_links":{"self":[{"href":"https:\/\/bordomuzik.com\/index.php?rest_route=\/wp\/v2\/posts\/1013"}],"collection":[{"href":"https:\/\/bordomuzik.com\/index.php?rest_route=\/wp\/v2\/posts"}],"about":[{"href":"https:\/\/bordomuzik.com\/index.php?rest_route=\/wp\/v2\/types\/post"}],"author":[{"embeddable":true,"href":"https:\/\/bordomuzik.com\/index.php?rest_route=\/wp\/v2\/users\/3"}],"replies":[{"embeddable":true,"href":"https:\/\/bordomuzik.com\/index.php?rest_route=%2Fwp%2Fv2%2Fcomments&post=1013"}],"version-history":[{"count":1,"href":"https:\/\/bordomuzik.com\/index.php?rest_route=\/wp\/v2\/posts\/1013\/revisions"}],"predecessor-version":[{"id":1749,"href":"https:\/\/bordomuzik.com\/index.php?rest_route=\/wp\/v2\/posts\/1013\/revisions\/1749"}],"wp:featuredmedia":[{"embeddable":true,"href":"https:\/\/bordomuzik.com\/index.php?rest_route=\/wp\/v2\/media\/1014"}],"wp:attachment":[{"href":"https:\/\/bordomuzik.com\/index.php?rest_route=%2Fwp%2Fv2%2Fmedia&parent=1013"}],"wp:term":[{"taxonomy":"category","embeddable":true,"href":"https:\/\/bordomuzik.com\/index.php?rest_route=%2Fwp%2Fv2%2Fcategories&post=1013"},{"taxonomy":"post_tag","embeddable":true,"href":"https:\/\/bordomuzik.com\/index.php?rest_route=%2Fwp%2Fv2%2Ftags&post=1013"}],"curies":[{"name":"wp","href":"https:\/\/api.w.org\/{rel}","templated":true}]}}