{"id":1212,"date":"2019-05-08T01:14:38","date_gmt":"2019-05-07T22:14:38","guid":{"rendered":"https:\/\/www.bordomuzik.com\/?p=1212"},"modified":"2019-05-08T01:14:38","modified_gmt":"2019-05-07T22:14:38","slug":"ercan-avsar-kul-rengi-benim-adim-huzun-single-calismasi","status":"publish","type":"post","link":"https:\/\/bordomuzik.com\/?p=1212","title":{"rendered":"ERCAN AV\u015eAR &#8220;K\u00dcL RENG\u0130 &#038; BEN\u0130M ADIM H\u00dcZ\u00dcN&#8221; SINGLE \u00c7ALI\u015eMASI"},"content":{"rendered":"<h1><strong>Ercan Av\u015far\u2019dan Sevgililer G\u00fcn\u00fc Hediyesi<\/strong><strong> \u201cBenim Ad\u0131m H\u00fcz\u00fcn\u201c<\/strong><\/h1>\n<h2>Ercan Av\u015far, Sevgililer G\u00fcn\u00fcnde H\u00fcz\u00fcnlendirecek<\/h2>\n<p>&nbsp;<\/p>\n<h3>Benim Ad\u0131m H\u00fcz\u00fcn&#8217;\u00fcn klibinin y\u00f6netmenl\u011finii; <strong>Z\u00fclf\u00fc Livaneli<\/strong>\u2019nin <strong>Veda<\/strong> filmine imzas\u0131n\u0131 atan \u00fcnl\u00fc Alman <strong>Peter Steuger<\/strong> \u00fcstlendi<\/h3>\n<figure id=\"attachment_1215\" aria-describedby=\"caption-attachment-1215\" style=\"width: 512px\" class=\"wp-caption aligncenter\"><img decoding=\"async\" loading=\"lazy\" class=\"size-full wp-image-1215\" src=\"https:\/\/bordomuzik.com\/wp-content\/uploads\/2019\/05\/ercankapak..2512X320-1.jpg\" alt=\"\" width=\"512\" height=\"320\" srcset=\"https:\/\/bordomuzik.com\/wp-content\/uploads\/2019\/05\/ercankapak..2512X320-1.jpg 512w, https:\/\/bordomuzik.com\/wp-content\/uploads\/2019\/05\/ercankapak..2512X320-1-300x188.jpg 300w\" sizes=\"(max-width: 512px) 100vw, 512px\" \/><figcaption id=\"caption-attachment-1215\" class=\"wp-caption-text\">ercan-avsar-kul-rengi-benim-adim-huzun-single-calismasi-2<\/figcaption><\/figure>\n<p><strong>Dinleyebilece\u011finiz ve \u0130ndirebilece\u011finiz Dijital Platformlar<\/strong><\/p>\n<p style=\"text-align: center;\"><a href=\"https:\/\/itunes.apple.com\/tr\/album\/benim-ad%C4%B1m-h%C3%BCz%C3%BCn-single\/1296290867?l=tr\"><img decoding=\"async\" loading=\"lazy\" class=\"alignnone wp-image-662\" src=\"https:\/\/bordomuzik.com\/wp-content\/uploads\/2019\/04\/iapplekare-1.png\" alt=\"\" width=\"30\" height=\"30\" \/><\/a> <a href=\"https:\/\/open.spotify.com\/album\/516FfYzekEn2VVBVI5L4b5\"><img decoding=\"async\" loading=\"lazy\" class=\"alignnone wp-image-670\" src=\"https:\/\/bordomuzik.com\/wp-content\/uploads\/2019\/04\/ispotifykare-1.png\" alt=\"\" width=\"30\" height=\"30\" \/><\/a> <a href=\"http:\/\/play.fizy.com\/album\/--\/Benim%20Ad%C4%B1m%20H%C3%BCz%C3%BCn\/VFItMzYxNDU5MTA5NDIzMQ\/--\/sarkilar\/karisik\"><img decoding=\"async\" loading=\"lazy\" class=\"alignnone wp-image-582\" style=\"font-size: 16px;\" src=\"https:\/\/bordomuzik.com\/wp-content\/uploads\/2019\/04\/iconfizy-1.png\" alt=\"\" width=\"27\" height=\"27\" \/><\/a> <a href=\"https:\/\/www.deezer.com\/en\/album\/49894102\"><img decoding=\"async\" loading=\"lazy\" class=\"alignnone wp-image-664\" src=\"https:\/\/bordomuzik.com\/wp-content\/uploads\/2019\/04\/ideezerkare-1.png\" alt=\"\" width=\"32\" height=\"33\" \/><\/a><\/p>\n<p>Son zamanlar\u0131n en \u00e7ok dinlenen yorumcusu <strong>Ercan Av\u015far\u2019<\/strong>dan hayranlar\u0131na sevgililer g\u00fcn\u00fc hediyesi. M\u00fczik listelerinde ilk be\u015fteki yerini koruyan <strong>Av\u015far,<\/strong> son hiti olarak adland\u0131rd\u0131\u011f\u0131 \u201c<strong>Benim Ad\u0131m H\u00fcz\u00fcn<\/strong>\u201d adl\u0131 single \u00e7al\u0131\u015fmas\u0131n\u0131 Eflatun M\u00fczik etiketiyle 14 \u015eubat 2015\u2019de t\u00fcm dijital platformda sevenleriyle bulu\u015fturmaya haz\u0131rlan\u0131yor.<br \/>\nT\u00fcm e\u011flence mekanlar\u0131nda \u015fark\u0131lar\u0131 hit olan Av\u015far, vokallerinde Merve \u00d6zbey\u2019in bulundu\u011fu son \u00e7al\u0131\u015fmas\u0131 \u2018Benim Ad\u0131m H\u00fcz\u00fcn\u2019\u00fcn s\u00f6z yazar\u0131n\u0131n Kartal Cezaevi m\u00fcd\u00fcr\u00fc Sedat Erdo\u011fdu oldu\u011funu belirterek \u201cBu par\u00e7a bir \u00e7ok s\u00fcrprize ve yenili\u011fe ev sahipli\u011fi yap\u0131yor\u201d dedi.<br \/>\nBestesi Sinan \u00d6z\u015feker\u2019e ait \u2018Benim Ad\u0131m H\u00fcz\u00fcn\u2019 \u015fark\u0131s\u0131n\u0131n y\u00f6netmenli\u011fini ise <strong>Z\u00fclf\u00fc Livaneli<\/strong>\u2019nin <strong>Veda<\/strong> filmine imzas\u0131n\u0131 atan \u00fcnl\u00fc Alman y\u00f6netmen <strong>Peter Steuger<\/strong> \u00fcstlendi.<\/p>\n<figure id=\"attachment_1216\" aria-describedby=\"caption-attachment-1216\" style=\"width: 512px\" class=\"wp-caption aligncenter\"><img decoding=\"async\" loading=\"lazy\" class=\"size-full wp-image-1216\" src=\"https:\/\/bordomuzik.com\/wp-content\/uploads\/2019\/05\/Ercan-Av\u015far-K\u00fcl-Rengi-512X424-1.jpg\" alt=\"\" width=\"512\" height=\"424\" srcset=\"https:\/\/bordomuzik.com\/wp-content\/uploads\/2019\/05\/Ercan-Av\u015far-K\u00fcl-Rengi-512X424-1.jpg 512w, https:\/\/bordomuzik.com\/wp-content\/uploads\/2019\/05\/Ercan-Av\u015far-K\u00fcl-Rengi-512X424-1-300x248.jpg 300w\" sizes=\"(max-width: 512px) 100vw, 512px\" \/><figcaption id=\"caption-attachment-1216\" class=\"wp-caption-text\">ercan-avsar-kul-rengi-benim-adim-huzun-single-calismasi-3<\/figcaption><\/figure>\n<h2 style=\"padding-left: 480px;\"><a href=\"https:\/\/open.spotify.com\/album\/09synbZM8zrpRPZL8KCfOR\"><img decoding=\"async\" loading=\"lazy\" class=\"alignnone wp-image-670\" src=\"https:\/\/bordomuzik.com\/wp-content\/uploads\/2019\/04\/ispotifykare-1.png\" alt=\"\" width=\"30\" height=\"30\" \/><\/a><a href=\"https:\/\/www.muud.com.tr\/ss\/492316\/4024857\"><img decoding=\"async\" loading=\"lazy\" class=\"alignnone wp-image-667\" src=\"https:\/\/bordomuzik.com\/wp-content\/uploads\/2019\/04\/imuuddik-1.png\" alt=\"\" width=\"64\" height=\"32\" \/><\/a><\/h2>\n<h2 style=\"padding-left: 480px;\"><\/h2>\n<h2 style=\"padding-left: 480px;\"><\/h2>\n<p>21 ki\u015filik Sinema kadraj ekibi taraf\u0131ndan \u00e7ekimleri d\u00f6rt g\u00fcnde ve on iki ayr\u0131 semtte ger\u00e7ekle\u015fen klibin y\u00f6netmeni Peter Steuger \u201cErcan farkl\u0131 biri. S\u00fcrekli heyecanl\u0131 ve enerjisini y\u00fcksek tutmas\u0131n\u0131 bilen biri. \u0130nan\u0131yorum ki yapt\u0131\u011f\u0131 \u00e7al\u0131\u015fmalar halk\u0131 taraf\u0131ndan sahiplenilecektir\u201d dedi.<\/p>\n<p>Daha \u00f6nceki single \u00e7al\u0131\u015fmalar\u0131nda <strong>Ozan \u00c7olako\u011flu<\/strong> ile de \u00e7al\u0131\u015fan Ercan Av\u015far, Eflatun M\u00fczik etiketiyle 14 \u015eubat sevgililer g\u00fcn\u00fcne \u2018Benim Ad\u0131m H\u00fcz\u00fcn\u2019le girdi.<\/p>\n<figure id=\"attachment_1217\" aria-describedby=\"caption-attachment-1217\" style=\"width: 512px\" class=\"wp-caption aligncenter\"><img decoding=\"async\" loading=\"lazy\" class=\"size-full wp-image-1217\" src=\"https:\/\/bordomuzik.com\/wp-content\/uploads\/2019\/05\/kl\u0131p-foto1512X600-1.jpg\" alt=\"\" width=\"512\" height=\"600\" srcset=\"https:\/\/bordomuzik.com\/wp-content\/uploads\/2019\/05\/kl\u0131p-foto1512X600-1.jpg 512w, https:\/\/bordomuzik.com\/wp-content\/uploads\/2019\/05\/kl\u0131p-foto1512X600-1-256x300.jpg 256w\" sizes=\"(max-width: 512px) 100vw, 512px\" \/><figcaption id=\"caption-attachment-1217\" class=\"wp-caption-text\">ercan-avsar-kul-rengi-benim-adim-huzun-single-calismasi-4<\/figcaption><\/figure>\n","protected":false},"excerpt":{"rendered":"<p>Ercan Av\u015far\u2019dan Sevgililer G\u00fcn\u00fc Hediyesi \u201cBenim Ad\u0131m H\u00fcz\u00fcn\u201c Ercan Av\u015far, Sevgililer G\u00fcn\u00fcnde H\u00fcz\u00fcnlendirecek &nbsp; Benim Ad\u0131m H\u00fcz\u00fcn&#8217;\u00fcn klibinin y\u00f6netmenl\u011finii; Z\u00fclf\u00fc Livaneli\u2019nin Veda filmine imzas\u0131n\u0131 atan \u00fcnl\u00fc Alman Peter Steuger \u00fcstlendi Dinleyebilece\u011finiz ve \u0130ndirebilece\u011finiz Dijital Platformlar Son zamanlar\u0131n en \u00e7ok dinlenen yorumcusu Ercan Av\u015far\u2019dan hayranlar\u0131na sevgililer g\u00fcn\u00fc hediyesi. M\u00fczik listelerinde ilk be\u015fteki yerini koruyan Av\u015far, son&#8230;<\/p>\n","protected":false},"author":3,"featured_media":1214,"comment_status":"open","ping_status":"open","sticky":false,"template":"","format":"standard","meta":[],"categories":[36,3,8],"tags":[94,109,153,209,257],"aioseo_notices":[],"jetpack_sharing_enabled":true,"jetpack_featured_media_url":"https:\/\/bordomuzik.com\/wp-content\/uploads\/2019\/05\/ercankapak..2620X401pg-1.jpg","_links":{"self":[{"href":"https:\/\/bordomuzik.com\/index.php?rest_route=\/wp\/v2\/posts\/1212"}],"collection":[{"href":"https:\/\/bordomuzik.com\/index.php?rest_route=\/wp\/v2\/posts"}],"about":[{"href":"https:\/\/bordomuzik.com\/index.php?rest_route=\/wp\/v2\/types\/post"}],"author":[{"embeddable":true,"href":"https:\/\/bordomuzik.com\/index.php?rest_route=\/wp\/v2\/users\/3"}],"replies":[{"embeddable":true,"href":"https:\/\/bordomuzik.com\/index.php?rest_route=%2Fwp%2Fv2%2Fcomments&post=1212"}],"version-history":[{"count":0,"href":"https:\/\/bordomuzik.com\/index.php?rest_route=\/wp\/v2\/posts\/1212\/revisions"}],"wp:featuredmedia":[{"embeddable":true,"href":"https:\/\/bordomuzik.com\/index.php?rest_route=\/wp\/v2\/media\/1214"}],"wp:attachment":[{"href":"https:\/\/bordomuzik.com\/index.php?rest_route=%2Fwp%2Fv2%2Fmedia&parent=1212"}],"wp:term":[{"taxonomy":"category","embeddable":true,"href":"https:\/\/bordomuzik.com\/index.php?rest_route=%2Fwp%2Fv2%2Fcategories&post=1212"},{"taxonomy":"post_tag","embeddable":true,"href":"https:\/\/bordomuzik.com\/index.php?rest_route=%2Fwp%2Fv2%2Ftags&post=1212"}],"curies":[{"name":"wp","href":"https:\/\/api.w.org\/{rel}","templated":true}]}}