{"id":1224,"date":"2019-05-08T01:15:22","date_gmt":"2019-05-07T22:15:22","guid":{"rendered":"https:\/\/www.bordomuzik.com\/?p=1224"},"modified":"2019-05-08T01:15:22","modified_gmt":"2019-05-07T22:15:22","slug":"ercument-vuraldan-ruzgari-beklerken-albumu","status":"publish","type":"post","link":"https:\/\/bordomuzik.com\/?p=1224","title":{"rendered":"ERC\u00dcMENT VURAL\u2019DAN \u201cR\u00dcZGARI BEKLERKEN\u201d ALB\u00dcM\u00dc"},"content":{"rendered":"<h1>R\u00fczgar\u0131 Beklerken alb\u00fcm\u00fc sizlerle<\/h1>\n<h2>Erc\u00fcment Vural&#8217;\u0131n m\u00fczi\u011fe olan ilgi ve yetene\u011fi \u00e7ok k\u00fc\u00e7\u00fck ya\u015flarda ba\u015flad\u0131<\/h2>\n<p>&nbsp;<\/p>\n<h3>Alb\u00fcmde yer alan 10 eserinde s\u00f6z\u00fc ve m\u00fczi\u011fi Erc\u00fcment Vural\u2019a ait<\/h3>\n<figure id=\"attachment_1225\" aria-describedby=\"caption-attachment-1225\" style=\"width: 512px\" class=\"wp-caption aligncenter\"><img decoding=\"async\" loading=\"lazy\" class=\"size-full wp-image-1225\" src=\"https:\/\/bordomuzik.com\/wp-content\/uploads\/2019\/05\/ERC\u00dcMENT-VURAL.512X424-1.jpg\" alt=\"\" width=\"512\" height=\"424\" srcset=\"https:\/\/bordomuzik.com\/wp-content\/uploads\/2019\/05\/ERC\u00dcMENT-VURAL.512X424-1.jpg 512w, https:\/\/bordomuzik.com\/wp-content\/uploads\/2019\/05\/ERC\u00dcMENT-VURAL.512X424-1-300x248.jpg 300w\" sizes=\"(max-width: 512px) 100vw, 512px\" \/><figcaption id=\"caption-attachment-1225\" class=\"wp-caption-text\">ercument-vuraldan-ruzgari-beklerken-albumu-2<\/figcaption><\/figure>\n<p><strong>Dinleyebilece\u011finiz ve \u0130ndirebilece\u011finiz Dijital Platformlar<\/strong><\/p>\n<p style=\"text-align: center;\"><a href=\"https:\/\/itunes.apple.com\/tr\/album\/r%C3%BCzg%C3%A2r%C4%B1-beklerken\/1170533562?l=tr\"><img decoding=\"async\" loading=\"lazy\" class=\"alignnone wp-image-662\" src=\"https:\/\/bordomuzik.com\/wp-content\/uploads\/2019\/04\/iapplekare-1.png\" alt=\"\" width=\"30\" height=\"30\" \/><\/a> <a href=\"https:\/\/open.spotify.com\/album\/1GiPUUJz5OE9jmN1ZDAFDP\"><img decoding=\"async\" loading=\"lazy\" class=\"alignnone wp-image-670\" src=\"https:\/\/bordomuzik.com\/wp-content\/uploads\/2019\/04\/ispotifykare-1.png\" alt=\"\" width=\"30\" height=\"30\" \/><\/a> <a href=\"https:\/\/fizy.in\/cOeE1\"><img decoding=\"async\" loading=\"lazy\" class=\"alignnone wp-image-582\" style=\"font-size: 16px;\" src=\"https:\/\/bordomuzik.com\/wp-content\/uploads\/2019\/04\/iconfizy-1.png\" alt=\"\" width=\"27\" height=\"27\" \/><\/a> <a href=\"https:\/\/www.deezer.com\/en\/album\/14413806\"><img decoding=\"async\" loading=\"lazy\" class=\"alignnone wp-image-664\" src=\"https:\/\/bordomuzik.com\/wp-content\/uploads\/2019\/04\/ideezerkare-1.png\" alt=\"\" width=\"32\" height=\"33\" \/><\/a> <a href=\"https:\/\/www.muud.com.tr\/sa\/530218\"><img decoding=\"async\" loading=\"lazy\" class=\"alignnone wp-image-667\" src=\"https:\/\/bordomuzik.com\/wp-content\/uploads\/2019\/04\/imuuddik-1.png\" alt=\"\" width=\"64\" height=\"32\" \/><\/a><\/p>\n<p>1959&#8217;da Samsun&#8217;da do\u011fan <strong>Erc\u00fcment Vural<\/strong> m\u00fczi\u011fe olan ilgi ve yetene\u011fini \u00e7ok k\u00fc\u00e7\u00fck ya\u015flarda ke\u015ffetmi\u015ftir. 7 ya\u015f\u0131nda izledi\u011fi <strong>Dr. Jivago<\/strong>&#8216;nun m\u00fczi\u011finin notalar\u0131n\u0131 \u00e7\u0131kart\u0131p t\u00fcm mandolin s\u0131n\u0131f\u0131yla payla\u015fabilmi\u015ftir.<br \/>\n\u0130lkokul \u00fc\u00e7\u00fcnc\u00fc s\u0131n\u0131fta tu\u015flu \u00e7alg\u0131lara ge\u00e7en Vural, 15 ya\u015f\u0131nda ilk grubunu kurmu\u015f, 16 ya\u015f\u0131nda ise a\u011f\u0131rl\u0131kl\u0131 olarak nefesli \u00e7alg\u0131lardan olu\u015fan bir grubun solistli\u011fini yapmaya ba\u015flam\u0131\u015ft\u0131r.<br \/>\n20&#8217;li ya\u015flar\u0131nda Avusturya&#8217;ya yerle\u015fen Erc\u00fcment Vural, \u0130stanbul&#8217;a d\u00f6nd\u00fckten sonra <strong>Onno Tun\u00e7<\/strong>&#8216;la birlikte bir\u00e7ok ba\u015far\u0131l\u0131 pop alb\u00fcm\u00fcnde \u00e7al\u0131\u015fm\u0131\u015ft\u0131r. 1994 y\u0131l\u0131nda, daha sonra kendi kategorisinde b\u00fcy\u00fck bir alb\u00fcm sat\u0131\u015f ba\u015far\u0131s\u0131 yakalayacak olan Passaporte Latino&#8217;yu kurmu\u015ftur.<br \/>\nErc\u00fcment Vural, \u00d6nder Focan&#8217;la olu\u015fturdu\u011fu <strong>Erc\u00fcment Vural-\u00d6nder Focan Project<\/strong>&#8216;in yan\u0131 s\u0131ra <strong>Jelatin<\/strong> isimli grubuyla da latin caz \u00e7alm\u0131\u015ft\u0131r. M\u00fczik \u00e7al\u0131\u015fmalar\u0131na devam etmektedir.<\/p>\n<p>Erc\u00fcment Vural&#8217;\u0131n &#8220;R\u00fczgar\u0131 Beklerken&#8221; alb\u00fcm\u00fc 10\/May\u0131s\/2017 tarihinde devir al\u0131nm\u0131\u015ft\u0131r.<\/p>\n<figure id=\"attachment_1228\" aria-describedby=\"caption-attachment-1228\" style=\"width: 512px\" class=\"wp-caption aligncenter\"><img decoding=\"async\" loading=\"lazy\" class=\"size-full wp-image-1228\" src=\"https:\/\/bordomuzik.com\/wp-content\/uploads\/2019\/05\/ERC\u00dcMENT-VURAL.2512X424-1.jpg\" alt=\"\" width=\"512\" height=\"424\" srcset=\"https:\/\/bordomuzik.com\/wp-content\/uploads\/2019\/05\/ERC\u00dcMENT-VURAL.2512X424-1.jpg 512w, https:\/\/bordomuzik.com\/wp-content\/uploads\/2019\/05\/ERC\u00dcMENT-VURAL.2512X424-1-300x248.jpg 300w\" sizes=\"(max-width: 512px) 100vw, 512px\" \/><figcaption id=\"caption-attachment-1228\" class=\"wp-caption-text\">ercument-vuraldan-ruzgari-beklerken-albumu-3<\/figcaption><\/figure>\n<p>&nbsp;<\/p>\n<p><strong>R\u00fczgar\u0131 Beklerken Alb\u00fcm\u00fcnde Yer Alan Eserler:<\/strong><\/p>\n<p><em>1) Gurur <\/em><br \/>\n<em>2) G\u00f6z G\u00f6re G\u00f6re<\/em><br \/>\n<em>3) Kum Saati<\/em><br \/>\n<em>4) Ak\u0131ls\u0131z\u0131m<\/em><br \/>\n<em>5) B\u00f6yle Mi Olacak?<\/em><br \/>\n<em>6) Tara-Tiri-Dam<\/em><br \/>\n<em>7) Yaln\u0131zl\u0131\u011f\u0131ms\u0131n<\/em><br \/>\n<em>8) Son \u00d6p\u00fc\u015f<\/em><br \/>\n<em>9) Elimde De\u011fil<\/em><br \/>\n<em>10) Unuttum Seni<\/em><\/p>\n","protected":false},"excerpt":{"rendered":"<p>R\u00fczgar\u0131 Beklerken alb\u00fcm\u00fc sizlerle Erc\u00fcment Vural&#8217;\u0131n m\u00fczi\u011fe olan ilgi ve yetene\u011fi \u00e7ok k\u00fc\u00e7\u00fck ya\u015flarda ba\u015flad\u0131 &nbsp; Alb\u00fcmde yer alan 10 eserinde s\u00f6z\u00fc ve m\u00fczi\u011fi Erc\u00fcment Vural\u2019a ait Dinleyebilece\u011finiz ve \u0130ndirebilece\u011finiz Dijital Platformlar 1959&#8217;da Samsun&#8217;da do\u011fan Erc\u00fcment Vural m\u00fczi\u011fe olan ilgi ve yetene\u011fini \u00e7ok k\u00fc\u00e7\u00fck ya\u015flarda ke\u015ffetmi\u015ftir. 7 ya\u015f\u0131nda izledi\u011fi Dr. Jivago&#8216;nun m\u00fczi\u011finin notalar\u0131n\u0131 \u00e7\u0131kart\u0131p t\u00fcm&#8230;<\/p>\n","protected":false},"author":3,"featured_media":1226,"comment_status":"open","ping_status":"open","sticky":false,"template":"","format":"standard","meta":[],"categories":[38,3,8],"tags":[156,275,316],"aioseo_notices":[],"jetpack_sharing_enabled":true,"jetpack_featured_media_url":"https:\/\/bordomuzik.com\/wp-content\/uploads\/2019\/05\/ERC\u00dcMENT-VURAL.620X401-1.jpg","_links":{"self":[{"href":"https:\/\/bordomuzik.com\/index.php?rest_route=\/wp\/v2\/posts\/1224"}],"collection":[{"href":"https:\/\/bordomuzik.com\/index.php?rest_route=\/wp\/v2\/posts"}],"about":[{"href":"https:\/\/bordomuzik.com\/index.php?rest_route=\/wp\/v2\/types\/post"}],"author":[{"embeddable":true,"href":"https:\/\/bordomuzik.com\/index.php?rest_route=\/wp\/v2\/users\/3"}],"replies":[{"embeddable":true,"href":"https:\/\/bordomuzik.com\/index.php?rest_route=%2Fwp%2Fv2%2Fcomments&post=1224"}],"version-history":[{"count":0,"href":"https:\/\/bordomuzik.com\/index.php?rest_route=\/wp\/v2\/posts\/1224\/revisions"}],"wp:featuredmedia":[{"embeddable":true,"href":"https:\/\/bordomuzik.com\/index.php?rest_route=\/wp\/v2\/media\/1226"}],"wp:attachment":[{"href":"https:\/\/bordomuzik.com\/index.php?rest_route=%2Fwp%2Fv2%2Fmedia&parent=1224"}],"wp:term":[{"taxonomy":"category","embeddable":true,"href":"https:\/\/bordomuzik.com\/index.php?rest_route=%2Fwp%2Fv2%2Fcategories&post=1224"},{"taxonomy":"post_tag","embeddable":true,"href":"https:\/\/bordomuzik.com\/index.php?rest_route=%2Fwp%2Fv2%2Ftags&post=1224"}],"curies":[{"name":"wp","href":"https:\/\/api.w.org\/{rel}","templated":true}]}}