{"id":1231,"date":"2019-05-08T01:16:09","date_gmt":"2019-05-07T22:16:09","guid":{"rendered":"https:\/\/www.bordomuzik.com\/?p=1231"},"modified":"2019-05-08T01:16:09","modified_gmt":"2019-05-07T22:16:09","slug":"erhan-gulerden-evet-mi-hayir-mi-single","status":"publish","type":"post","link":"https:\/\/bordomuzik.com\/?p=1231","title":{"rendered":"ERHAN G\u00dcLER\u2019DEN \u201cEVET M\u0130, HAYIR MI\u201d SINGLE"},"content":{"rendered":"<h1>Erhan G\u00fcler \u201cEvet mi? Hay\u0131r m\u0131?\u201d alb\u00fcm\u00fc ile 2015 y\u0131l\u0131nda yeniden \u00e7\u0131k\u0131\u015f yaparak m\u00fczik marketlerdeki yerini ald\u0131.<\/h1>\n<h2>Sanat\u00e7\u0131n\u0131n \u00e7\u0131kard\u0131\u011f\u0131 bu alb\u00fcm\u2019\u00fcn Klibinde Erol B\u00fcy\u00fckbur\u00e7\u2019un yan\u0131 s\u0131ra Levent ve Burcu S\u00fcl\u00fcn gibi \u00fcnl\u00fc isimler de rol ald\u0131.<\/h2>\n<p>&nbsp;<\/p>\n<h3>Klip, gen\u00e7 \u015fark\u0131c\u0131n\u0131n sevenleri taraf\u0131ndan k\u0131sa s\u00fcrede t\u0131klanma rekoru k\u0131rd\u0131 Radyo ve M\u00fczik kanallar\u0131ndan da yo\u011fun istek ald\u0131\u2026<\/h3>\n<figure id=\"attachment_1233\" aria-describedby=\"caption-attachment-1233\" style=\"width: 512px\" class=\"wp-caption aligncenter\"><img decoding=\"async\" loading=\"lazy\" class=\"size-full wp-image-1233\" src=\"https:\/\/bordomuzik.com\/wp-content\/uploads\/2019\/05\/erhan.2512x424-1.jpg\" alt=\"\" width=\"512\" height=\"424\" srcset=\"https:\/\/bordomuzik.com\/wp-content\/uploads\/2019\/05\/erhan.2512x424-1.jpg 512w, https:\/\/bordomuzik.com\/wp-content\/uploads\/2019\/05\/erhan.2512x424-1-300x248.jpg 300w\" sizes=\"(max-width: 512px) 100vw, 512px\" \/><figcaption id=\"caption-attachment-1233\" class=\"wp-caption-text\">erhan-gulerden-evet-mi-hayir-mi-single-2<\/figcaption><\/figure>\n<p><strong>Dinleyebilece\u011finiz ve \u0130ndirebilece\u011finiz Dijital Platformlar<\/strong><\/p>\n<p style=\"text-align: center;\"><a href=\"https:\/\/itunes.apple.com\/tr\/album\/evet-mi-hay%C4%B1r-m%C4%B1-single\/1189927783?l=tr\"><img decoding=\"async\" loading=\"lazy\" class=\"alignnone wp-image-662\" src=\"https:\/\/bordomuzik.com\/wp-content\/uploads\/2019\/04\/iapplekare-1.png\" alt=\"\" width=\"30\" height=\"30\" \/><\/a> <a href=\"https:\/\/open.spotify.com\/album\/05BlT3nwgXVdoQRUSkuaZa\"><img decoding=\"async\" loading=\"lazy\" class=\"alignnone wp-image-670\" src=\"https:\/\/bordomuzik.com\/wp-content\/uploads\/2019\/04\/ispotifykare-1.png\" alt=\"\" width=\"30\" height=\"30\" \/><\/a> <a href=\"http:\/\/play.fizy.com\/album\/--\/Evet%20Mi%20Hay%C4%B1r%20M%C4%B1%3F\/VFItMzYxMDE1OTgzMjEwOQ\/--\/sarkilar\/karisik\"><img decoding=\"async\" loading=\"lazy\" class=\"alignnone wp-image-582\" style=\"font-size: 16px;\" src=\"https:\/\/bordomuzik.com\/wp-content\/uploads\/2019\/04\/iconfizy-1.png\" alt=\"\" width=\"27\" height=\"27\" \/><\/a> <a href=\"https:\/\/www.deezer.com\/en\/album\/14931955\"><img decoding=\"async\" loading=\"lazy\" class=\"alignnone wp-image-664\" src=\"https:\/\/bordomuzik.com\/wp-content\/uploads\/2019\/04\/ideezerkare-1.png\" alt=\"\" width=\"32\" height=\"33\" \/><\/a> <a href=\"https:\/\/www.muud.com.tr\/sa\/491792\"><img decoding=\"async\" loading=\"lazy\" class=\"alignnone wp-image-667\" src=\"https:\/\/bordomuzik.com\/wp-content\/uploads\/2019\/04\/imuuddik-1.png\" alt=\"\" width=\"64\" height=\"32\" \/><\/a><\/p>\n<p><strong>Oyuncu ve \u015eark\u0131c\u0131<\/strong> olan <strong>&#8221; Erhan G\u00fcler&#8221;<\/strong> 1999 y\u0131l\u0131ndan itibaren sanat d\u00fcnyas\u0131 i\u00e7inde bir \u00e7ok dizi ve filmde \u00f6nemli rollerde bulundu ve ba\u015froller oynad\u0131. 2001 y\u0131l\u0131ndan itibaren de bir\u00e7ok Tiyatro oyununda ba\u015frol ve yard\u0131mc\u0131 oyuncu olarak sahne ald\u0131.<\/p>\n<p>K\u00fc\u00e7\u00fck ya\u015flardan beri m\u00fczikle de ilgilenen G\u00fcler, iki y\u0131l kadar Opera sanat\u00e7\u0131s\u0131 P\u0131nar \u00dcNKER\u2018 den m\u00fczik e\u011fitimi ve \u015fan dersleri ald\u0131. Kendine ait bir\u00e7ok beste \u00e7al\u0131\u015fmalar\u0131 bulunan gen\u00e7 yetenek, 2011 y\u0131l\u0131nda \u0130lk alb\u00fcm\u00fc olan \u201cBeni sevecektin\u201d \u015fark\u0131s\u0131 ile ba\u015far\u0131y\u0131 yakalad\u0131.<\/p>\n<p>G\u00fcler, gen\u00e7 ya\u015fta hayata veda eden k\u0131z arkada\u015f\u0131 i\u00e7in \u2018\u00c7aresiz Ayr\u0131l\u0131k\u2019 isimli \u015fark\u0131y\u0131 yazd\u0131 ve besteledi.<br \/>\n\u2018K\u0131z arkada\u015f\u0131m\u0131n son zamanlardaki iste\u011fi sevgimizi anlatan bir \u015fark\u0131 yapmamd\u0131\u2019 diyen G\u00fcler \u0130kinci alb\u00fcm\u00fc \u2018\u00c7aresiz Ayr\u0131l\u0131k\u2019 ile K\u0131z arkada\u015f\u0131n\u0131n bu iste\u011fini de yerine getirmi\u015f oldu.<\/p>\n<figure id=\"attachment_1234\" aria-describedby=\"caption-attachment-1234\" style=\"width: 512px\" class=\"wp-caption aligncenter\"><img decoding=\"async\" loading=\"lazy\" class=\"size-full wp-image-1234\" src=\"https:\/\/bordomuzik.com\/wp-content\/uploads\/2019\/05\/erhan.3512x300-1.jpg\" alt=\"\" width=\"512\" height=\"300\" srcset=\"https:\/\/bordomuzik.com\/wp-content\/uploads\/2019\/05\/erhan.3512x300-1.jpg 512w, https:\/\/bordomuzik.com\/wp-content\/uploads\/2019\/05\/erhan.3512x300-1-300x176.jpg 300w\" sizes=\"(max-width: 512px) 100vw, 512px\" \/><figcaption id=\"caption-attachment-1234\" class=\"wp-caption-text\">erhan-gulerden-evet-mi-hayir-mi-single-3<\/figcaption><\/figure>\n<p>&nbsp;<\/p>\n<p>Erhan G\u00fcler \u201cEvet mi? Hay\u0131r m\u0131?\u201d alb\u00fcm\u00fc ile 2015 y\u0131l\u0131nda yeniden \u00e7\u0131k\u0131\u015f yaparak m\u00fczik marketlerdeki yerini ald\u0131.<\/p>\n<p>Sanat\u00e7\u0131n\u0131n \u00e7\u0131kard\u0131\u011f\u0131 bu alb\u00fcm\u2019\u00fcn Klibinde Erol B\u00fcy\u00fckbur\u00e7\u2019un yan\u0131 s\u0131ra <strong>Levent<\/strong> ve <strong>Burcu S\u00fcl\u00fcn<\/strong> gibi \u00fcnl\u00fc isimler de rol ald\u0131.<\/p>\n<p>Klip, gen\u00e7 \u015fark\u0131c\u0131n\u0131n sevenleri taraf\u0131ndan k\u0131sa s\u00fcrede t\u0131klanma rekoru k\u0131rd\u0131 Radyo ve M\u00fczik kanallar\u0131ndan da yo\u011fun istek ald\u0131\u2026<\/p>\n<p>Bu ba\u015far\u0131yla birlikte G\u00fcler, pek \u00e7ok \u015eehirde, Festivallerde, Y\u0131lba\u015f\u0131 etkinliklerinde, \u00dcniversite \u015fenliklerinde, Yurt i\u00e7i ve Yurt d\u0131\u015f\u0131 konserlerinde sahne ald\u0131 ve hayranlar\u0131 ile bulu\u015ftu.<\/p>\n<p>Kendi alan\u0131 olan Pop m\u00fczi\u011fin yan\u0131 s\u0131ra her tarz \u015fark\u0131y\u0131 da ba\u015far\u0131yla yorumlayan sanat\u00e7\u0131 \u00e7al\u0131\u015fmalar\u0131na ise aral\u0131ks\u0131z olarak devam etmekte.<\/p>\n<p><strong>Rol Ald\u0131\u011f\u0131 Projeler:<\/strong><\/p>\n<p><em>2013 Y\u0131lnda \u2013 Baba Dostu TV filmi ba\u015frol.<\/em><br \/>\n<em>2012 Y\u0131l\u0131nda \u2013 K\u0131z annesi TV Dizisi.<\/em><br \/>\n<em>2011 Y\u0131l\u0131nda \u2013 TRT Belgesel D\u00f6nem filmi ba\u015frol.<\/em><br \/>\n<em>2010 Y\u0131l\u0131nda \u2013 Star TV \u0130hanet dizisi.<\/em><br \/>\n<em>2007 Y\u0131l\u0131nda \u2013 Veysel Karani adl\u0131 d\u00f6nem filminde ba\u015frol.<\/em><br \/>\n<em>2007 Y\u0131l\u0131nda \u2013 Neredesin \u00d6\u011fretmenim TV filminde ba\u015frol.<\/em><br \/>\n<em>2002 Y\u0131l\u0131nda \u2013 Hayat\u0131n i\u00e7inden TV Dizisi 100 b\u00f6l\u00fcm ba\u015frol.<\/em><\/p>\n<figure id=\"attachment_1235\" aria-describedby=\"caption-attachment-1235\" style=\"width: 512px\" class=\"wp-caption aligncenter\"><img decoding=\"async\" loading=\"lazy\" class=\"size-full wp-image-1235\" src=\"https:\/\/bordomuzik.com\/wp-content\/uploads\/2019\/05\/erhan.4512x350-1.jpg\" alt=\"\" width=\"512\" height=\"350\" srcset=\"https:\/\/bordomuzik.com\/wp-content\/uploads\/2019\/05\/erhan.4512x350-1.jpg 512w, https:\/\/bordomuzik.com\/wp-content\/uploads\/2019\/05\/erhan.4512x350-1-300x205.jpg 300w\" sizes=\"(max-width: 512px) 100vw, 512px\" \/><figcaption id=\"caption-attachment-1235\" class=\"wp-caption-text\">erhan-gulerden-evet-mi-hayir-mi-single-4<\/figcaption><\/figure>\n<p><strong>Rol Ald\u0131\u011f\u0131 Reklam Filmleri:<\/strong><\/p>\n<p><em>2016 y\u0131l\u0131nda \u2013 Remetta reklam filmi.<\/em><br \/>\n<em>2013 Y\u0131l\u0131nda \u2013 Kamu spotu reklam filmi.<\/em><br \/>\n<em>2008 Y\u0131l\u0131nda \u2013 Royal hal\u0131 reklam filmi.<\/em><br \/>\n<em>2001 Y\u0131l\u0131nda \u2013 Tema Vakf\u0131 reklam filmi.<\/em><br \/>\n<em>1999 Y\u0131l\u0131nda \u2013 Yap\u0131 kredi Reklam filmi.<\/em><\/p>\n<p>&nbsp;<\/p>\n","protected":false},"excerpt":{"rendered":"<p>Erhan G\u00fcler \u201cEvet mi? Hay\u0131r m\u0131?\u201d alb\u00fcm\u00fc ile 2015 y\u0131l\u0131nda yeniden \u00e7\u0131k\u0131\u015f yaparak m\u00fczik marketlerdeki yerini ald\u0131. Sanat\u00e7\u0131n\u0131n \u00e7\u0131kard\u0131\u011f\u0131 bu alb\u00fcm\u2019\u00fcn Klibinde Erol B\u00fcy\u00fckbur\u00e7\u2019un yan\u0131 s\u0131ra Levent ve Burcu S\u00fcl\u00fcn gibi \u00fcnl\u00fc isimler de rol ald\u0131. &nbsp; Klip, gen\u00e7 \u015fark\u0131c\u0131n\u0131n sevenleri taraf\u0131ndan k\u0131sa s\u00fcrede t\u0131klanma rekoru k\u0131rd\u0131 Radyo ve M\u00fczik kanallar\u0131ndan da yo\u011fun istek ald\u0131\u2026&#8230;<\/p>\n","protected":false},"author":3,"featured_media":1232,"comment_status":"open","ping_status":"open","sticky":false,"template":"","format":"standard","meta":[],"categories":[39,3,8],"tags":[157,158,163,250,295],"aioseo_notices":[],"jetpack_sharing_enabled":true,"jetpack_featured_media_url":"https:\/\/bordomuzik.com\/wp-content\/uploads\/2019\/05\/erhan.1620x401-1.jpg","_links":{"self":[{"href":"https:\/\/bordomuzik.com\/index.php?rest_route=\/wp\/v2\/posts\/1231"}],"collection":[{"href":"https:\/\/bordomuzik.com\/index.php?rest_route=\/wp\/v2\/posts"}],"about":[{"href":"https:\/\/bordomuzik.com\/index.php?rest_route=\/wp\/v2\/types\/post"}],"author":[{"embeddable":true,"href":"https:\/\/bordomuzik.com\/index.php?rest_route=\/wp\/v2\/users\/3"}],"replies":[{"embeddable":true,"href":"https:\/\/bordomuzik.com\/index.php?rest_route=%2Fwp%2Fv2%2Fcomments&post=1231"}],"version-history":[{"count":0,"href":"https:\/\/bordomuzik.com\/index.php?rest_route=\/wp\/v2\/posts\/1231\/revisions"}],"wp:featuredmedia":[{"embeddable":true,"href":"https:\/\/bordomuzik.com\/index.php?rest_route=\/wp\/v2\/media\/1232"}],"wp:attachment":[{"href":"https:\/\/bordomuzik.com\/index.php?rest_route=%2Fwp%2Fv2%2Fmedia&parent=1231"}],"wp:term":[{"taxonomy":"category","embeddable":true,"href":"https:\/\/bordomuzik.com\/index.php?rest_route=%2Fwp%2Fv2%2Fcategories&post=1231"},{"taxonomy":"post_tag","embeddable":true,"href":"https:\/\/bordomuzik.com\/index.php?rest_route=%2Fwp%2Fv2%2Ftags&post=1231"}],"curies":[{"name":"wp","href":"https:\/\/api.w.org\/{rel}","templated":true}]}}