{"id":1238,"date":"2019-05-08T01:17:01","date_gmt":"2019-05-07T22:17:01","guid":{"rendered":"https:\/\/www.bordomuzik.com\/?p=1238"},"modified":"2019-05-08T01:17:01","modified_gmt":"2019-05-07T22:17:01","slug":"ertugdan-a1-albumu","status":"publish","type":"post","link":"https:\/\/bordomuzik.com\/?p=1238","title":{"rendered":"ERTU\u011e&#8217;DAN  A1 ALB\u00dcM\u00dc"},"content":{"rendered":"<h1>Ertu\u011f A1 Alb\u00fcm\u00fcn\u00fc, 2008&#8217;in bahar\u0131nda piyasaya s\u00fcrd\u00fc<\/h1>\n<h2>Alb\u00fcmde seslendirdi\u011fi kendisine ait 12 \u015fark\u0131 var<\/h2>\n<p>&nbsp;<\/p>\n<h3>A1 alb\u00fcm\u00fcn\u00fcn ilk klibi, en duygusal par\u00e7alar\u0131ndan biri olan &#8220;Tek Y\u00fcrek &#8220;olurken, 2. Klip Derin Mevzu&#8217;ya \u00e7ekildi.<\/h3>\n<figure id=\"attachment_1240\" aria-describedby=\"caption-attachment-1240\" style=\"width: 512px\" class=\"wp-caption aligncenter\"><img decoding=\"async\" loading=\"lazy\" class=\"size-full wp-image-1240\" src=\"https:\/\/bordomuzik.com\/wp-content\/uploads\/2019\/05\/ERTU\u011e.2512X424-1.jpg\" alt=\"\" width=\"512\" height=\"424\" srcset=\"https:\/\/bordomuzik.com\/wp-content\/uploads\/2019\/05\/ERTU\u011e.2512X424-1.jpg 512w, https:\/\/bordomuzik.com\/wp-content\/uploads\/2019\/05\/ERTU\u011e.2512X424-1-300x248.jpg 300w\" sizes=\"(max-width: 512px) 100vw, 512px\" \/><figcaption id=\"caption-attachment-1240\" class=\"wp-caption-text\">ertugdan-a1-albumu-2<\/figcaption><\/figure>\n<p><strong>Dinleyebilece\u011finiz ve \u0130ndirebilece\u011finiz Dijital Platformlar<\/strong><\/p>\n<p style=\"text-align: center;\"><a href=\"https:\/\/itunes.apple.com\/tr\/album\/a1\/1169000006?l=tr\"><img decoding=\"async\" loading=\"lazy\" class=\"alignnone wp-image-662\" src=\"https:\/\/bordomuzik.com\/wp-content\/uploads\/2019\/04\/iapplekare-1.png\" alt=\"\" width=\"30\" height=\"30\" \/><\/a> <a href=\"https:\/\/open.spotify.com\/album\/0Q4LMeEpRdmGf5EOPbvC8E\"><img decoding=\"async\" loading=\"lazy\" class=\"alignnone wp-image-670\" src=\"https:\/\/bordomuzik.com\/wp-content\/uploads\/2019\/04\/ispotifykare-1.png\" alt=\"\" width=\"30\" height=\"30\" \/><\/a> <a href=\"http:\/\/play.fizy.com\/album\/--\/A1\/VFItMzYxNDk3MjA2NTI2Mw\/--\/sarkilar\/karisik\"><img decoding=\"async\" loading=\"lazy\" class=\"alignnone wp-image-582\" style=\"font-size: 16px;\" src=\"https:\/\/bordomuzik.com\/wp-content\/uploads\/2019\/04\/iconfizy-1.png\" alt=\"\" width=\"27\" height=\"27\" \/><\/a> <a href=\"https:\/\/www.deezer.com\/en\/album\/14377822\"><img decoding=\"async\" loading=\"lazy\" class=\"alignnone wp-image-664\" src=\"https:\/\/bordomuzik.com\/wp-content\/uploads\/2019\/04\/ideezerkare-1.png\" alt=\"\" width=\"32\" height=\"33\" \/><\/a> <a href=\" https:\/\/www.muud.com.tr\/ss\/530219\/5331053\"><img decoding=\"async\" loading=\"lazy\" class=\"alignnone wp-image-667\" src=\"https:\/\/bordomuzik.com\/wp-content\/uploads\/2019\/04\/imuuddik-1.png\" alt=\"\" width=\"64\" height=\"32\" \/><\/a><\/p>\n<p>18 May\u0131s 1970 do\u011fumlu\u00a0 &#8220;<strong>Ertu\u011f Ergin<\/strong>&#8221; T\u00fcrk alternatif pop ve elektronik m\u00fczik yazar\u0131, yorumcusudur.<\/p>\n<p>1 ya\u015f\u0131nda \u0130stanbul\u2019a gelen <strong>Ertu\u011f<\/strong>, Erenk\u00f6y\u2019de b\u00fcy\u00fcyerek ilk ve orta \u00f6\u011frenimini orada bitirdi. Sonras\u0131nda \u0130T\u00dc Konservatuvar Temel Bilimler B\u00f6l\u00fcm\u00fc\u2019nde T\u00fcrk Sanat M\u00fczi\u011fi, T\u00fcrk Halk M\u00fczi\u011fi, Bat\u0131 M\u00fczi\u011fi, solfej ve enstr\u00fcman dersleri ald\u0131. \u00dcniversite e\u011fitimini bitirdikten hemen sonra profesyonel m\u00fczik \u00e7al\u0131\u015fmalar\u0131na ba\u015flad\u0131.<\/p>\n<p>Ertu\u011f Ergin <strong>\u0130T\u00dc Devlet Konservatuar\u0131<\/strong>`nda T\u00fcrk sanat m\u00fczi\u011fi, T\u00fcrk halk m\u00fczi\u011fi, bat\u0131 m\u00fczi\u011fi, solfej ve enstr\u00fcman dersleri ald\u0131ktan sonra profesyonel m\u00fczik \u00e7al\u0131\u015fmalar\u0131na ba\u015flad\u0131.<\/p>\n<figure id=\"attachment_1243\" aria-describedby=\"caption-attachment-1243\" style=\"width: 512px\" class=\"wp-caption aligncenter\"><img decoding=\"async\" loading=\"lazy\" class=\"size-full wp-image-1243\" src=\"https:\/\/bordomuzik.com\/wp-content\/uploads\/2019\/05\/ERTU\u011e.4512X424-1.jpg\" alt=\"\" width=\"512\" height=\"424\" srcset=\"https:\/\/bordomuzik.com\/wp-content\/uploads\/2019\/05\/ERTU\u011e.4512X424-1.jpg 512w, https:\/\/bordomuzik.com\/wp-content\/uploads\/2019\/05\/ERTU\u011e.4512X424-1-300x248.jpg 300w\" sizes=\"(max-width: 512px) 100vw, 512px\" \/><figcaption id=\"caption-attachment-1243\" class=\"wp-caption-text\">ertugdan-a1-albumu-3<\/figcaption><\/figure>\n<p>&nbsp;<\/p>\n<p>Sahne performanslar\u0131nda; <strong>Candan Er\u00e7etin, Sibel T\u00fcz\u00fcn ve Harun Kol\u00e7ak<\/strong> ile vokal yaparak ve yan fl\u00fct \u00e7alarak \u00e7al\u0131\u015ft\u0131, b\u00f6ylelikle 15 y\u0131ll\u0131k sahne deneyimi elde etti. A<strong>\u015fk\u0131n Nur Yengi, Emre Altu\u011f, Ufuk \u00c7ak\u0131r, Hande Yener ve Zeynep Casalini<\/strong>&#8216;ye bestelerini verdi.<\/p>\n<p><strong>Ertu\u011f A1<\/strong> Alb\u00fcm\u00fcn\u00fc, 2008\u2019in bahar\u0131nda piyasaya s\u00fcrd\u00fc. Bu alb\u00fcmde seslendirdi\u011fi kendine ait 12 \u015fark\u0131 vard\u0131r. A1\u2019 in ilk klibi alb\u00fcm\u00fcn en duygusal par\u00e7alar\u0131ndan biri olan Tek Y\u00fcrek olurken, 2. Klip Derin Mevzu&#8217;ya \u00e7ekildi. Derin Mevzu&#8217;ya \u00e7ekilen klibin y\u00f6netmenli\u011fini <strong>Kubilay Kasap<\/strong> yapt\u0131. Klipte \u00c7ocukluktan ya\u015fl\u0131l\u0131\u011fa, hayat\u0131n \u00e7e\u015fitli evrelerinin sembolik anlat\u0131m\u0131 yap\u0131lm\u0131\u015ft\u0131r. \u00e7e\u015fitli evrelerinin sembolik anlat\u0131m\u0131 yap\u0131lm\u0131\u015ft\u0131r. A1 Alb\u00fcm\u00fc devir al\u0131nm\u0131\u015ft\u0131r.<\/p>\n<figure id=\"attachment_1244\" aria-describedby=\"caption-attachment-1244\" style=\"width: 512px\" class=\"wp-caption aligncenter\"><img decoding=\"async\" loading=\"lazy\" class=\"size-full wp-image-1244\" src=\"https:\/\/bordomuzik.com\/wp-content\/uploads\/2019\/05\/ertu\u011f.5512x350-1.jpg\" alt=\"\" width=\"512\" height=\"350\" srcset=\"https:\/\/bordomuzik.com\/wp-content\/uploads\/2019\/05\/ertu\u011f.5512x350-1.jpg 512w, https:\/\/bordomuzik.com\/wp-content\/uploads\/2019\/05\/ertu\u011f.5512x350-1-300x205.jpg 300w\" sizes=\"(max-width: 512px) 100vw, 512px\" \/><figcaption id=\"caption-attachment-1244\" class=\"wp-caption-text\">ertugdan-a1-albumu-4<\/figcaption><\/figure>\n<p><strong>Ertu\u011f &#8211; A1 Alb\u00fcmde Yer Alan Eserler :<\/strong><\/p>\n<p><em>1) Derin Mevzu<\/em><br \/>\n<em>2) Dostun Biri<\/em><br \/>\n<em>3) \u00c7ocuk<\/em><br \/>\n<em>4) Tek Y\u00fcrek<\/em><br \/>\n<em>5) Yola Devam<\/em><br \/>\n<em>6) A\u015fk\u0131n Kusursuz Cinayet<\/em><br \/>\n<em>7) Sensiz Ya\u015far\u0131m<\/em><br \/>\n<em>8) Eminim<\/em><br \/>\n<em>9) \u0130nsan<\/em><br \/>\n<em>10) H\u0131rs\u0131z \u015eafaklar<\/em><br \/>\n<em>11) Ya\u011fmurlar<\/em><br \/>\n<em>12) Son A\u015fk\u0131m<\/em><br \/>\n<em>13) Mymonn (\u0130nsan-Remix)<\/em><\/p>\n<p>Sevilen ba\u015far\u0131l\u0131 sanat\u00e7\u0131 14.12.2012 tarihinde 2 sene boyunca sava\u015ft\u0131\u011f\u0131 hastal\u0131\u011fa yenik d\u00fc\u015ferek hayata g\u00f6zlerini kapad\u0131.<\/p>\n<figure id=\"attachment_1245\" aria-describedby=\"caption-attachment-1245\" style=\"width: 512px\" class=\"wp-caption aligncenter\"><img decoding=\"async\" loading=\"lazy\" class=\"size-full wp-image-1245\" src=\"https:\/\/bordomuzik.com\/wp-content\/uploads\/2019\/05\/ERTU\u011e.6512X600-1.jpg\" alt=\"\" width=\"512\" height=\"600\" srcset=\"https:\/\/bordomuzik.com\/wp-content\/uploads\/2019\/05\/ERTU\u011e.6512X600-1.jpg 512w, https:\/\/bordomuzik.com\/wp-content\/uploads\/2019\/05\/ERTU\u011e.6512X600-1-256x300.jpg 256w\" sizes=\"(max-width: 512px) 100vw, 512px\" \/><figcaption id=\"caption-attachment-1245\" class=\"wp-caption-text\">ertugdan-a1-albumu-5<\/figcaption><\/figure>\n","protected":false},"excerpt":{"rendered":"<p>Ertu\u011f A1 Alb\u00fcm\u00fcn\u00fc, 2008&#8217;in bahar\u0131nda piyasaya s\u00fcrd\u00fc Alb\u00fcmde seslendirdi\u011fi kendisine ait 12 \u015fark\u0131 var &nbsp; A1 alb\u00fcm\u00fcn\u00fcn ilk klibi, en duygusal par\u00e7alar\u0131ndan biri olan &#8220;Tek Y\u00fcrek &#8220;olurken, 2. Klip Derin Mevzu&#8217;ya \u00e7ekildi. Dinleyebilece\u011finiz ve \u0130ndirebilece\u011finiz Dijital Platformlar 18 May\u0131s 1970 do\u011fumlu\u00a0 &#8220;Ertu\u011f Ergin&#8221; T\u00fcrk alternatif pop ve elektronik m\u00fczik yazar\u0131, yorumcusudur. 1 ya\u015f\u0131nda \u0130stanbul\u2019a gelen&#8230;<\/p>\n","protected":false},"author":3,"featured_media":1239,"comment_status":"open","ping_status":"open","sticky":false,"template":"","format":"standard","meta":[],"categories":[40,3,8],"tags":[71,159,182,236,334],"aioseo_notices":[],"jetpack_sharing_enabled":true,"jetpack_featured_media_url":"https:\/\/bordomuzik.com\/wp-content\/uploads\/2019\/05\/ERTU\u011e.1620X401-1.jpg","_links":{"self":[{"href":"https:\/\/bordomuzik.com\/index.php?rest_route=\/wp\/v2\/posts\/1238"}],"collection":[{"href":"https:\/\/bordomuzik.com\/index.php?rest_route=\/wp\/v2\/posts"}],"about":[{"href":"https:\/\/bordomuzik.com\/index.php?rest_route=\/wp\/v2\/types\/post"}],"author":[{"embeddable":true,"href":"https:\/\/bordomuzik.com\/index.php?rest_route=\/wp\/v2\/users\/3"}],"replies":[{"embeddable":true,"href":"https:\/\/bordomuzik.com\/index.php?rest_route=%2Fwp%2Fv2%2Fcomments&post=1238"}],"version-history":[{"count":0,"href":"https:\/\/bordomuzik.com\/index.php?rest_route=\/wp\/v2\/posts\/1238\/revisions"}],"wp:featuredmedia":[{"embeddable":true,"href":"https:\/\/bordomuzik.com\/index.php?rest_route=\/wp\/v2\/media\/1239"}],"wp:attachment":[{"href":"https:\/\/bordomuzik.com\/index.php?rest_route=%2Fwp%2Fv2%2Fmedia&parent=1238"}],"wp:term":[{"taxonomy":"category","embeddable":true,"href":"https:\/\/bordomuzik.com\/index.php?rest_route=%2Fwp%2Fv2%2Fcategories&post=1238"},{"taxonomy":"post_tag","embeddable":true,"href":"https:\/\/bordomuzik.com\/index.php?rest_route=%2Fwp%2Fv2%2Ftags&post=1238"}],"curies":[{"name":"wp","href":"https:\/\/api.w.org\/{rel}","templated":true}]}}