{"id":1301,"date":"2019-05-08T01:25:07","date_gmt":"2019-05-07T22:25:07","guid":{"rendered":"https:\/\/www.bordomuzik.com\/?p=1301"},"modified":"2019-05-08T01:25:07","modified_gmt":"2019-05-07T22:25:07","slug":"hulya-yildiz-soyleme-albumu","status":"publish","type":"post","link":"https:\/\/bordomuzik.com\/?p=1301","title":{"rendered":"H\u00dcLYA YILDIZ &#8220;S\u00d6YLEME&#8221; ALB\u00dcM\u00dc"},"content":{"rendered":"<h1>H\u00fclya Y\u0131ld\u0131z\u2019dan Muhte\u015fem Bir Alb\u00fcm\u201c S\u00f6yleme \u201c<\/h1>\n<h2>Alb\u00fcm\u00fcn m\u00fczik y\u00f6netmenli\u011fi, m\u00fczi\u011fimizin efsanelerinden Musa Ero\u011flu taraf\u0131ndan \u00fcstlenildi.<\/h2>\n<p>&nbsp;<\/p>\n<h3>Alb\u00fcm\u00fcn ilk video klibi, Enes Bilal Ta\u015f\u00e7\u0131 y\u00f6netiminde \u201cGaribim\u201d eserine \u00e7ekildi.<\/h3>\n<figure id=\"attachment_1302\" aria-describedby=\"caption-attachment-1302\" style=\"width: 512px\" class=\"wp-caption aligncenter\"><img decoding=\"async\" loading=\"lazy\" class=\"size-full wp-image-1302\" src=\"https:\/\/bordomuzik.com\/wp-content\/uploads\/2019\/05\/H\u00dcLYA-YILDIZ-S\u00d6YLEME-512X424-1.jpg\" alt=\"\" width=\"512\" height=\"424\" srcset=\"https:\/\/bordomuzik.com\/wp-content\/uploads\/2019\/05\/H\u00dcLYA-YILDIZ-S\u00d6YLEME-512X424-1.jpg 512w, https:\/\/bordomuzik.com\/wp-content\/uploads\/2019\/05\/H\u00dcLYA-YILDIZ-S\u00d6YLEME-512X424-1-300x248.jpg 300w\" sizes=\"(max-width: 512px) 100vw, 512px\" \/><figcaption id=\"caption-attachment-1302\" class=\"wp-caption-text\">hulya-yildiz-soyleme-albumu-2<\/figcaption><\/figure>\n<p><strong>Dinleyebilece\u011finiz ve \u0130ndirebilece\u011finiz Dijital Platformlar<\/strong><\/p>\n<p style=\"text-align: center;\"><a href=\"https:\/\/itunes.apple.com\/tr\/album\/s%C3%B6yleme\/1454019636?l=tr\"><img decoding=\"async\" loading=\"lazy\" class=\"alignnone wp-image-662\" src=\"https:\/\/bordomuzik.com\/wp-content\/uploads\/2019\/04\/iapplekare-1.png\" alt=\"\" width=\"30\" height=\"30\" \/><\/a> <a href=\"https:\/\/open.spotify.com\/album\/7AAMtf35kYq74ivXzZaJmm\"><img decoding=\"async\" loading=\"lazy\" class=\"alignnone wp-image-670\" src=\"https:\/\/bordomuzik.com\/wp-content\/uploads\/2019\/04\/ispotifykare-1.png\" alt=\"\" width=\"30\" height=\"30\" \/><\/a> <a href=\"http:\/\/play.fizy.com\/album\/--\/S%C3%B6yleme\/VFItMTkzNDgzNTQzNjEx\/--\/sarkilar\/karisik\"><img decoding=\"async\" loading=\"lazy\" class=\"alignnone wp-image-582\" style=\"font-size: 16px;\" src=\"https:\/\/bordomuzik.com\/wp-content\/uploads\/2019\/04\/iconfizy-1.png\" alt=\"\" width=\"27\" height=\"27\" \/><\/a> <a href=\"https:\/\/www.deezer.com\/en\/album\/89302162\"><img decoding=\"async\" loading=\"lazy\" class=\"alignnone wp-image-664\" src=\"https:\/\/bordomuzik.com\/wp-content\/uploads\/2019\/04\/ideezerkare-1.png\" alt=\"\" width=\"32\" height=\"33\" \/><\/a> <a href=\"https:\/\/www.muud.com.tr\/ss\/678266\/6360100\"><img decoding=\"async\" loading=\"lazy\" class=\"alignnone wp-image-667\" src=\"https:\/\/bordomuzik.com\/wp-content\/uploads\/2019\/04\/imuuddik-1.png\" alt=\"\" width=\"64\" height=\"32\" \/><\/a><\/p>\n<p>T\u00fcrk Halk M\u00fczi\u011fi\u2019nde hem yorumcu hem icrac\u0131 olarak uzun y\u0131llar\u0131 geride b\u0131rakan, <em><strong>M\u00fcsl\u00fcm G\u00fcrses<\/strong><\/em> an\u0131s\u0131na yap\u0131lan <em><strong>Baba \u015eark\u0131lar\u2019da Musa Ero\u011flu ile d\u00fcet yapt\u0131\u011f\u0131 \u201cKerem Gibi Yan\u0131yorum\u201d<\/strong><\/em> yorumu ile halen ilgi g\u00f6rmeye devam eden sanat\u00e7\u0131 <em><strong>H\u00fclya Y\u0131ld\u0131z<\/strong><\/em>, uzun bir aradan sonra yeni alb\u00fcm\u00fcn\u00fc, Bordo M\u00fczik etiketiyle ve Medeni U\u00e7ar yap\u0131mc\u0131l\u0131\u011f\u0131nda dinleyicilerle bulu\u015fturdu; S\u00f6yleme&#8230;<\/p>\n<p>Alb\u00fcm\u00fcn ilk video klibi, Enes Bilal Ta\u015f\u00e7\u0131 y\u00f6netiminde \u201cGaribim\u201d eserine \u00e7ekildi.<\/p>\n<p>Alb\u00fcm\u00fcn m\u00fczik y\u00f6netmenli\u011fi, m\u00fczi\u011fimizin efsanelerinden Musa Ero\u011flu taraf\u0131ndan \u00fcstlenildi.<\/p>\n<p>Alb\u00fcmde yeni eserlerin yan\u0131 s\u0131ra, Ero\u011flu ile olan d\u00fceti \u201cKerem Gibi Yan\u0131yorum\u201d, Eflatun T\u00fcrk\u00fcler alb\u00fcm\u00fcnde yer alan \u201cOy Gelin\u201d ve \u201cAy\u015fem\u201d de, hem bu yorumlar\u0131 sevenler hem de ilk defa dinleyecekler i\u00e7in alb\u00fcme eklendi.<\/p>\n<p>Son d\u00f6nemde g\u00fcncel yap\u0131mlar\u0131n yan\u0131 s\u0131ra ge\u00e7mi\u015fte kaydedilmi\u015f yap\u0131mlar\u0131 da g\u00fcn y\u00fcz\u00fcne \u00e7\u0131karan Bordo M\u00fczik\u2019in yap\u0131mc\u0131l\u0131\u011f\u0131n\u0131 \u00fcstlenip, H\u00fclya Y\u0131ld\u0131z\u2019\u0131n y\u0131llar i\u00e7inde T\u00fcrk Halk M\u00fczi\u011fi\u2019nde edindi\u011fi tecr\u00fcbesini yans\u0131tt\u0131\u011f\u0131 \u201c<strong>S\u00f6yleme<\/strong>\u201d alb\u00fcm\u00fcn\u00fc t\u00fcm dijital platformlarda yerini ald\u0131.<\/p>\n<p><strong>H\u00dcLYA YILDIZ &amp; MUSA ERO\u011eLU &#8211; KEREM G\u0130B\u0130 YANIYORUM ( VIDEO KL\u0130P )<\/strong><\/p>\n<p><iframe loading=\"lazy\" width=\"640\" height=\"360\" src=\"https:\/\/www.youtube.com\/embed\/UruavqM2lFM?feature=oembed\" frameborder=\"0\" allow=\"accelerometer; autoplay; encrypted-media; gyroscope; picture-in-picture\" allowfullscreen><\/iframe><\/p>\n<p>&nbsp;<\/p>\n<p><strong>H\u00fclya Y\u0131ld\u0131z &#8211; Kerem Gibi Yan\u0131yorum ( S\u00f6zleri ):<\/strong><\/p>\n<p><em>Kerem gibi yan\u0131yorum<\/em><br \/>\n<em>Yele verme k\u00fcllerimi<\/em><br \/>\n<em>Gece g\u00fcnd\u00fcz ar\u0131yorum<\/em><br \/>\n<em>Bo\u015f b\u0131rakma ellerimi<\/em><\/p>\n<p><em>Hani s\u00f6z\u00fcn ikrars\u0131z yar<\/em><br \/>\n<em>Mevsimler d\u00f6nd\u00fc ya\u011fd\u0131 kar<\/em><br \/>\n<em>Dolan\u0131r\u0131m diyar diyar<\/em><br \/>\n<em>Bo\u015f b\u0131rakma ellerimi<\/em><\/p>\n<p><em>Ey m\u00fcrvetli can\u0131m \u015fah\u0131m<\/em><br \/>\n<em>Bilmemki nedir g\u00fcnah\u0131m<\/em><br \/>\n<em>Viran oldu bah\u00e7em ba\u011f\u0131m<\/em><br \/>\n<em>Yakma benim g\u00fcllerimi<\/em><\/p>\n<p><em>Ken talihin k\u00f6t\u00fc Veysel<\/em><br \/>\n<em>Katipler yazm\u0131\u015flar ezel<\/em><br \/>\n<em>Candan \u00e7ok sevdi\u011fim g\u00fczel<\/em><br \/>\n<em>Yine k\u0131rd\u0131n kollar\u0131m\u0131<\/em><\/p>\n<p><strong>S\u00f6z: Veysel \u00c7akmak<\/strong><br \/>\n<strong>M\u00fczik : Hakan \u00c7akmak<\/strong><\/p>\n<p><strong>H\u00dcLYA YILDIZ\u00a0 &#8211; GAR\u0130B\u0130M ( VIDEO KL\u0130P )<\/strong><\/p>\n<p><iframe loading=\"lazy\" width=\"640\" height=\"360\" src=\"https:\/\/www.youtube.com\/embed\/yqAZ0CesEJ8?feature=oembed\" frameborder=\"0\" allow=\"accelerometer; autoplay; encrypted-media; gyroscope; picture-in-picture\" allowfullscreen><\/iframe><\/p>\n<p><strong>H\u00fclya Y\u0131ld\u0131z &#8211; Garibim ( S\u00f6zleri ):<\/strong><\/p>\n<p><em>Ba\u011fa Girdim Kiraza<\/em><br \/>\n<em>Yar Naza Ben Niyaza<\/em><br \/>\n<em>Hani Ya S\u00f6z Vermi\u015ftin<\/em><br \/>\n<em>Gelecektin Bu Yaza<\/em><\/p>\n<p><em>Garibim Garibim<\/em><br \/>\n<em>Yol Bilemem<\/em><br \/>\n<em>\u00d6ks\u00fcz\u00fcm Sensizim<\/em><br \/>\n<em>Ben G\u00fclemem<\/em><\/p>\n<p><em>Kirazlar Al Al Oldu<\/em><br \/>\n<em>Yiyemedim Bal Oldu<\/em><br \/>\n<em>Bana G\u00fclen G\u00f6zlerin<\/em><br \/>\n<em>\u015eimdi G\u00fclmez Ne Oldu<\/em><\/p>\n<p><em>Garibim Garibim<\/em><br \/>\n<em>Yol Bilemem<\/em><br \/>\n<em>\u00d6ks\u00fcz\u00fcm Sensizim<\/em><br \/>\n<em>Ben G\u00fclemem<\/em><\/p>\n<p><strong>S\u00f6z-M\u00fczik : Haydar Telh\u00fcner<\/strong><\/p>\n<p><strong>H\u00dcLYA YILDIZ &#8211; AY\u015eEM ( VIDEO KL\u0130P )<\/strong><\/p>\n<p><iframe loading=\"lazy\" width=\"640\" height=\"360\" src=\"https:\/\/www.youtube.com\/embed\/gkBueJZjIBc?feature=oembed\" frameborder=\"0\" allow=\"accelerometer; autoplay; encrypted-media; gyroscope; picture-in-picture\" allowfullscreen><\/iframe><\/p>\n<p><strong>H\u00fclya Y\u0131ld\u0131z &#8211; Ay\u015fem ( S\u00f6zleri ):<\/strong><\/p>\n<p><em>Su gelir \u00e7a\u011flar Ay\u015fe&#8217;m<\/em><br \/>\n<em>G\u00fclen g\u00f6z a\u011flar Ay\u015fe&#8217;m<\/em><br \/>\n<em>Gelinlik ku\u015fa\u011f\u0131n\u0131<\/em><br \/>\n<em>Sana kim ba\u011flar Ay\u015fe&#8217;m<\/em><br \/>\n<em>Gelinlik ku\u015fa\u011f\u0131n\u0131<\/em><br \/>\n<em>Sana kim ba\u011flar Ay\u015fe&#8217;m<\/em><br \/>\n<em>Ay\u015fe&#8217;nin kara ka\u015f\u0131<\/em><br \/>\n<em>Al ye\u015fil ba\u011fl\u0131 ba\u015f\u0131<\/em><br \/>\n<em>Ay\u015fe&#8217;me kurban olam<\/em><br \/>\n<em>Gelinlik oldu yah\u015f\u0131<\/em><br \/>\n<em>Ay\u015fe&#8217;me kurban olam<\/em><br \/>\n<em>Gelinlik oldu yah\u015f\u0131<\/em><\/p>\n<p><strong>S\u00f6z-M\u00fczik : Anonim<\/strong><\/p>\n<figure id=\"attachment_1308\" aria-describedby=\"caption-attachment-1308\" style=\"width: 512px\" class=\"wp-caption aligncenter\"><img decoding=\"async\" loading=\"lazy\" class=\"size-full wp-image-1308\" src=\"https:\/\/bordomuzik.com\/wp-content\/uploads\/2019\/05\/H\u00dcLYA.1512X700-1.jpg\" alt=\"\" width=\"512\" height=\"700\" srcset=\"https:\/\/bordomuzik.com\/wp-content\/uploads\/2019\/05\/H\u00dcLYA.1512X700-1.jpg 512w, https:\/\/bordomuzik.com\/wp-content\/uploads\/2019\/05\/H\u00dcLYA.1512X700-1-219x300.jpg 219w\" sizes=\"(max-width: 512px) 100vw, 512px\" \/><figcaption id=\"caption-attachment-1308\" class=\"wp-caption-text\">hulya-yildiz-soyleme-albumu-3<\/figcaption><\/figure>\n<p><strong>H\u00fclya Y\u0131ld\u0131z &#8211; S\u00f6yleme Alb\u00fcmde Yer Alan Eserler :<\/strong><\/p>\n<p><em>1) Ad\u0131yaman ( D\u00fcz Tara Yar D\u00fcz Tara ) S\u00f6z &amp; M\u00fczik : Anonim <\/em><br \/>\n<em>2) G\u00f6n\u00fcl Yaras\u0131 ( Hasret D\u00fc\u015ft\u00fc G\u00f6nl\u00fcme ) S\u00f6z &amp; M\u00fczik : Ne\u015fet Erta\u015f<\/em><br \/>\n<em>3) S\u00f6yleme ( S\u00f6z &amp; M\u00fczik : A\u015f\u0131k Mazlumi )<\/em><br \/>\n<em>4) Beni Derde Salan Gelsin ( S\u00f6z &amp; M\u00fczik : R\u0131dvan \u00c7\u0131rac\u0131o\u011flu )<\/em><br \/>\n<em>5) Garibim ( S\u00f6z &amp; M\u00fczik : Haydar Telh\u00fcner )<\/em><br \/>\n<em>6) Pencereden Bakan Dilber ( S\u00f6z: Karacao\u011flan, M\u00fczik: Musa Ero\u011flu )<\/em><br \/>\n<em>7) Derdim \u00c7oktur ( S\u00f6z: Pir Sultan Abdal, M\u00fczik: Ali Ekber \u00c7i\u00e7ek )<\/em><br \/>\n<em>8) Kerem Gibi Yan\u0131yorum ( S\u00f6z : Veysel \u00c7akmak, M\u00fczik : Hakan \u00c7akmak )<\/em><br \/>\n<em>9) Oy Gelin ( S\u00f6z &amp; M\u00fczik : Anonim )<\/em><br \/>\n<em>10) Ay\u015fem ( S\u00f6z &amp; M\u00fczik : Anonim )<\/em><br \/>\n<em>11) \u015eaha Do\u011fru Giden Kervan ( S\u00f6z &amp; M\u00fczik : Anonim )<\/em><br \/>\n<em>12) Yalan D\u00fcnya ( S\u00f6z &amp; M\u00fczik : Anonim )<\/em><br \/>\n<em>13) \u00d6m\u00fcr Dertlerden \u0130baret ( S\u00f6z &amp; M\u00fczik : Anonim )<\/em><\/p>\n<p>&nbsp;<\/p>\n","protected":false},"excerpt":{"rendered":"<p>H\u00fclya Y\u0131ld\u0131z\u2019dan Muhte\u015fem Bir Alb\u00fcm\u201c S\u00f6yleme \u201c Alb\u00fcm\u00fcn m\u00fczik y\u00f6netmenli\u011fi, m\u00fczi\u011fimizin efsanelerinden Musa Ero\u011flu taraf\u0131ndan \u00fcstlenildi. &nbsp; Alb\u00fcm\u00fcn ilk video klibi, Enes Bilal Ta\u015f\u00e7\u0131 y\u00f6netiminde \u201cGaribim\u201d eserine \u00e7ekildi. Dinleyebilece\u011finiz ve \u0130ndirebilece\u011finiz Dijital Platformlar T\u00fcrk Halk M\u00fczi\u011fi\u2019nde hem yorumcu hem icrac\u0131 olarak uzun y\u0131llar\u0131 geride b\u0131rakan, M\u00fcsl\u00fcm G\u00fcrses an\u0131s\u0131na yap\u0131lan Baba \u015eark\u0131lar\u2019da Musa Ero\u011flu ile d\u00fcet&#8230;<\/p>\n","protected":false},"author":3,"featured_media":1303,"comment_status":"open","ping_status":"open","sticky":false,"template":"","format":"standard","meta":[],"categories":[3,51,8],"tags":[116,185,230,299],"aioseo_notices":[],"jetpack_sharing_enabled":true,"jetpack_featured_media_url":"https:\/\/bordomuzik.com\/wp-content\/uploads\/2019\/05\/H\u00dcLYA-YILDIZ-S\u00d6YLEME-620X401-1.jpg","_links":{"self":[{"href":"https:\/\/bordomuzik.com\/index.php?rest_route=\/wp\/v2\/posts\/1301"}],"collection":[{"href":"https:\/\/bordomuzik.com\/index.php?rest_route=\/wp\/v2\/posts"}],"about":[{"href":"https:\/\/bordomuzik.com\/index.php?rest_route=\/wp\/v2\/types\/post"}],"author":[{"embeddable":true,"href":"https:\/\/bordomuzik.com\/index.php?rest_route=\/wp\/v2\/users\/3"}],"replies":[{"embeddable":true,"href":"https:\/\/bordomuzik.com\/index.php?rest_route=%2Fwp%2Fv2%2Fcomments&post=1301"}],"version-history":[{"count":0,"href":"https:\/\/bordomuzik.com\/index.php?rest_route=\/wp\/v2\/posts\/1301\/revisions"}],"wp:featuredmedia":[{"embeddable":true,"href":"https:\/\/bordomuzik.com\/index.php?rest_route=\/wp\/v2\/media\/1303"}],"wp:attachment":[{"href":"https:\/\/bordomuzik.com\/index.php?rest_route=%2Fwp%2Fv2%2Fmedia&parent=1301"}],"wp:term":[{"taxonomy":"category","embeddable":true,"href":"https:\/\/bordomuzik.com\/index.php?rest_route=%2Fwp%2Fv2%2Fcategories&post=1301"},{"taxonomy":"post_tag","embeddable":true,"href":"https:\/\/bordomuzik.com\/index.php?rest_route=%2Fwp%2Fv2%2Ftags&post=1301"}],"curies":[{"name":"wp","href":"https:\/\/api.w.org\/{rel}","templated":true}]}}