{"id":1475,"date":"2019-05-12T22:19:28","date_gmt":"2019-05-12T19:19:28","guid":{"rendered":"https:\/\/www.bordomuzik.com\/?p=1475"},"modified":"2020-01-10T22:56:10","modified_gmt":"2020-01-10T22:56:10","slug":"sevgi-yildirim-mumkun-mu-albumu","status":"publish","type":"post","link":"https:\/\/bordomuzik.com\/?p=1475","title":{"rendered":"SEVG\u0130 YILDIRIM \u201cM\u00dcMK\u00dcN M\u00dc\u201d ALB\u00dcM\u00dc"},"content":{"rendered":"<h1>\u00dcnl\u00fcler Bu Alb\u00fcm\u2019de Bulu\u015ftu<\/h1>\n<h2>Y\u0131l\u0131n D\u00fcetleri ile muhte\u015fem bir \u00e7al\u0131\u015fma<\/h2>\n<p>&nbsp;<\/p>\n<h3>Sevgi Y\u0131ld\u0131r\u0131m \u201cM\u00fcmk\u00fcn m\u00fc\u201d alb\u00fcm\u00fcnde, Hakan Ta\u015f\u0131yan ve \u00dcmit Ya\u015far ile d\u00fcet yapt\u0131.<\/h3>\n<figure id=\"attachment_1476\" aria-describedby=\"caption-attachment-1476\" style=\"width: 512px\" class=\"wp-caption aligncenter\"><img decoding=\"async\" loading=\"lazy\" class=\"wp-image-1476 size-full\" src=\"https:\/\/bordomuzik.com\/wp-content\/uploads\/2019\/05\/Sevgi-Y\u0131ld\u0131r\u0131m-\u00d6n-Kapak.1512x424-1.jpg\" alt=\"\" width=\"512\" height=\"424\" srcset=\"https:\/\/bordomuzik.com\/wp-content\/uploads\/2019\/05\/Sevgi-Y\u0131ld\u0131r\u0131m-\u00d6n-Kapak.1512x424-1.jpg 512w, https:\/\/bordomuzik.com\/wp-content\/uploads\/2019\/05\/Sevgi-Y\u0131ld\u0131r\u0131m-\u00d6n-Kapak.1512x424-1-300x248.jpg 300w\" sizes=\"(max-width: 512px) 100vw, 512px\" \/><figcaption id=\"caption-attachment-1476\" class=\"wp-caption-text\">sevgi-yildirim-mumkun-mu-albumu-2<\/figcaption><\/figure>\n<p><strong>Dinleyebilece\u011finiz ve \u0130ndirebilece\u011finiz Dijital Platformlar<\/strong><\/p>\n<p style=\"text-align: center;\"><a href=\"https:\/\/itunes.apple.com\/tr\/album\/m%C3%BCmk%C3%BCn-m%C3%BC-ep\/1351348745?l=tr\"><img decoding=\"async\" loading=\"lazy\" class=\"alignnone wp-image-662\" src=\"https:\/\/bordomuzik.com\/wp-content\/uploads\/2019\/04\/iapplekare-1.png\" alt=\"\" width=\"30\" height=\"30\" \/><\/a> <a href=\"https:\/\/open.spotify.com\/album\/1nAHZFJlcnFdAlGRmVWocr\"><img decoding=\"async\" loading=\"lazy\" class=\"alignnone wp-image-670\" src=\"https:\/\/bordomuzik.com\/wp-content\/uploads\/2019\/04\/ispotifykare-1.png\" alt=\"\" width=\"30\" height=\"30\" \/><\/a> <a href=\"http:\/\/play.fizy.com\/album\/--\/M%C3%BCmk%C3%BCn%20m%C3%BC\/VFItMTkyNTYyMjA5ODY4\/--\/sarkilar\/karisik\"><img decoding=\"async\" loading=\"lazy\" class=\"alignnone wp-image-582\" style=\"font-size: 16px;\" src=\"https:\/\/bordomuzik.com\/wp-content\/uploads\/2019\/04\/iconfizy-1.png\" alt=\"\" width=\"27\" height=\"27\" \/><\/a> <a href=\"https:\/\/www.deezer.com\/en\/album\/57550052\"><img decoding=\"async\" loading=\"lazy\" class=\"alignnone wp-image-664\" src=\"https:\/\/bordomuzik.com\/wp-content\/uploads\/2019\/04\/ideezerkare-1.png\" alt=\"\" width=\"32\" height=\"33\" \/><\/a> <a href=\"https:\/\/www.muud.com.tr\/sa\/579803\"><img decoding=\"async\" loading=\"lazy\" class=\"alignnone wp-image-667\" src=\"https:\/\/bordomuzik.com\/wp-content\/uploads\/2019\/04\/imuuddik-1.png\" alt=\"\" width=\"64\" height=\"32\" \/><\/a><\/p>\n<p>Sahne ve m\u00fczik a\u015fk\u0131yla, \u00e7evresinin, dinleyicilerinin te\u015fviki ile \u00e7al\u0131\u015fmalar\u0131na ba\u015flayan Sevgi Y\u0131ld\u0131r\u0131m <strong>\u201cM\u00fcmk\u00fcn m\u00fc\u201d<\/strong> alb\u00fcm\u00fcnde, <strong>Hakan Ta\u015f\u0131yan<\/strong> ve <strong>\u00dcmit Ya\u015far<\/strong> ile <strong>d\u00fce<\/strong>t yapt\u0131.<br \/>\n25.07.1978 \u0130stanbul Do\u011fumlu olan Sevgi Y\u0131ld\u0131r\u0131m aslen Ardahan\u2019l\u0131d\u0131r. \u0130lkokulu \u0130stanbul Avc\u0131lar\u2019da okudu. Alt\u0131 ay gibi k\u0131sa bir s\u00fcre bir m\u00fczik okulunda \u015fan e\u011fitimi alan sanat\u00e7\u0131, asl\u0131nda okullu de\u011fil alayl\u0131d\u0131r. Zaten zor \u015fartlarda okuyan Sevgi Y\u0131ld\u0131r\u0131m babas\u0131 30 ya\u015f\u0131nda vefat etti\u011finde, 7 ya\u015f\u0131ndayd\u0131. Annesi tek ba\u015f\u0131na elinden geldi\u011fi kadar okutmaya \u00e7al\u0131\u015fm\u0131\u015f olsa\u2019da, sanat\u00e7\u0131 \u0130lkokul\u2019dan sonra okumaya devam edemedi. Bu nedenle \u00f6\u011frenim y\u0131llar\u0131da \u00e7ok zorlu ge\u00e7ti.<\/p>\n<figure id=\"attachment_1478\" aria-describedby=\"caption-attachment-1478\" style=\"width: 512px\" class=\"wp-caption aligncenter\"><img decoding=\"async\" loading=\"lazy\" class=\"size-full wp-image-1478\" src=\"https:\/\/bordomuzik.com\/wp-content\/uploads\/2019\/05\/sevgi-y\u0131ld\u0131r\u0131m-arka-i\u00e7512x424-1.jpg\" alt=\"\" width=\"512\" height=\"424\" srcset=\"https:\/\/bordomuzik.com\/wp-content\/uploads\/2019\/05\/sevgi-y\u0131ld\u0131r\u0131m-arka-i\u00e7512x424-1.jpg 512w, https:\/\/bordomuzik.com\/wp-content\/uploads\/2019\/05\/sevgi-y\u0131ld\u0131r\u0131m-arka-i\u00e7512x424-1-300x248.jpg 300w\" sizes=\"(max-width: 512px) 100vw, 512px\" \/><figcaption id=\"caption-attachment-1478\" class=\"wp-caption-text\">sevgi-yildirim-mumkun-mu-albumu-3<\/figcaption><\/figure>\n<p>&nbsp;<\/p>\n<p>Hayat m\u00fccadelesi i\u00e7inde bir kuaf\u00f6rde \u00e7al\u0131\u015fmaya ba\u015flayan sanat\u00e7\u0131n\u0131n, o y\u0131llarda m\u00fczik ile alakal\u0131 bir d\u00fc\u015f\u00fcncesi yoktu. \u015eark\u0131 s\u00f6ylemeyi sevdi\u011finden, sa\u00e7 f\u0131r\u00e7as\u0131n\u0131 mikrafon yap\u0131p aynan\u0131n kar\u015f\u0131s\u0131nda \u00e7ok konser vermi\u015fli\u011fi vard\u0131r. \u0130lerleyen d\u00f6nemlerde ailesinin ve \u00e7evresinin cesaretlendirmesi ile, sesinin iyi oldu\u011funun fark\u0131na vard\u0131, m\u00fczikal anlamda kendisini geli\u015ftirmesi gerekti\u011fine karar verdi. Orta\u00f6\u011fretimi ve lise e\u011fitimini a\u00e7\u0131ktan okuyarak tahsilini tamamlad\u0131.<br \/>\n20 ya\u015f\u0131nda d\u00fc\u011f\u00fcn salonlar\u0131nda \u00e7al\u0131\u015fmaya ba\u015flayan Sevgi Y\u0131ld\u0131r\u0131m, ilk profesyonel anlamda Engin Ar\u0131nm\u0131\u015f\u2019\u0131n menajerli\u011finde, Anadolu\u2019da 5 y\u0131ld\u0131zl\u0131 otellerde ve restoranlarda sahne almaya ba\u015flad\u0131. 17 Y\u0131ld\u0131r sahne almaya devam eden Sevgi Y\u0131ld\u0131r\u0131m, ayn\u0131 zamanda Konservatuar E\u011fitimi i\u00e7inde haz\u0131rlanmaktad\u0131r. \u0130lk alb\u00fcm \u00e7al\u0131\u015fmas\u0131n\u0131, annesine ve \u00e7ok gen\u00e7 ya\u015fta vefat eden, m\u00fczi\u011fe a\u015f\u0131k olan babas\u0131na ithaf eden sanat\u00e7\u0131, \u201c Bu alb\u00fcm anneme ve babama hediyemdir \u201c demi\u015ftir.<\/p>\n<p>Sanat\u00e7\u0131n\u0131n ortaya koydu\u011fu bu performans ise EFLATUN M\u00dcZ\u0130K etiketi ile 09\/03\/2018 tarihinde t\u00fcm m\u00fczik marketlerde ve dijital platformlarda yerini alm\u0131\u015ft\u0131r.<\/p>\n<figure id=\"attachment_1479\" aria-describedby=\"caption-attachment-1479\" style=\"width: 512px\" class=\"wp-caption aligncenter\"><img decoding=\"async\" loading=\"lazy\" class=\"size-full wp-image-1479\" src=\"https:\/\/bordomuzik.com\/wp-content\/uploads\/2019\/05\/sevgi-y\u0131ld\u0131r\u0131m-arka512x424-1.jpg\" alt=\"\" width=\"512\" height=\"424\" srcset=\"https:\/\/bordomuzik.com\/wp-content\/uploads\/2019\/05\/sevgi-y\u0131ld\u0131r\u0131m-arka512x424-1.jpg 512w, https:\/\/bordomuzik.com\/wp-content\/uploads\/2019\/05\/sevgi-y\u0131ld\u0131r\u0131m-arka512x424-1-300x248.jpg 300w\" sizes=\"(max-width: 512px) 100vw, 512px\" \/><figcaption id=\"caption-attachment-1479\" class=\"wp-caption-text\">sevgi-yildirim-mumkun-mu-albumu-4<\/figcaption><\/figure>\n<p>&nbsp;<\/p>\n<p><strong>M\u00fcmk\u00fcn M\u00fc Alb\u00fcm\u00fcnde Yer Alan Eserler:<\/strong><\/p>\n<p><em>1) Sevdam\u0131z Karaya Vurdu<\/em><br \/>\n<em>2) M\u00fcmk\u00fcn M\u00fc?<\/em><br \/>\n<em>3) Sev Beni Yar<\/em><br \/>\n<em>4) Yok B\u00f6yle A\u015fk<\/em><br \/>\n<em>5) Senden \u0130baret<\/em><br \/>\n<em>6) M\u00fcmk\u00fcn M\u00fc? Remix<\/em><\/p>\n<h4>SEVG\u0130 YILDIRIM &#8211; SEVDAMIZ KARAYA VURDU ( V\u0130DEO KL\u0130P)<\/h4>\n<p><iframe loading=\"lazy\" title=\"Sevgi  Y\u0131ld\u0131r\u0131m Feat Hakan Ta\u015f\u0131yan &quot; Sevdam\u0131z Karaya Vurdu &quot;\" width=\"640\" height=\"360\" src=\"https:\/\/www.youtube.com\/embed\/f1CYpiAq-8o?feature=oembed\" frameborder=\"0\" allow=\"accelerometer; autoplay; encrypted-media; gyroscope; picture-in-picture\" allowfullscreen><\/iframe><\/p>\n<h4><strong>Sevgi Y\u0131ld\u0131r\u0131m &amp; Hakan Ta\u015f\u0131yan &#8211; Sevdam\u0131z Karaya Vurdu ( S\u00f6zleri )\u00a0<\/strong><\/h4>\n<p><em>Ya\u015fayan sen belki de ben<\/em><br \/>\n<em>Herkes bilmez bu duyguyu<\/em><br \/>\n<em>Neler oldu anlamad\u0131k<\/em><br \/>\n<em>Sevdam\u0131z karaya vurdu<\/em><\/p>\n<p><em>B\u00f6yle b\u00fcy\u00fck bir sevday\u0131<\/em><br \/>\n<em>Rabbim senle bana sundu<\/em><br \/>\n<em>Bilemedik k\u0131ymetini<\/em><br \/>\n<em>Sevdam\u0131z karaya vurdu<\/em><\/p>\n<p><em>Bo\u015fa giden onca zaman<\/em><br \/>\n<em>Son \u00e7\u0131rp\u0131n\u0131\u015f demek buydu<\/em><br \/>\n<em>Hi\u00e7bir i\u015fe yaramad\u0131<\/em><br \/>\n<em>Sevdam\u0131z karaya vurdu<\/em><\/p>\n<p><strong>S\u00f6z : Fidan Ar\u0131<\/strong><br \/>\n<strong>M\u00fczik : Taner Solak<\/strong><br \/>\n<strong>Aranj\u00f6r : Tar\u0131k A\u011fansoy<\/strong><\/p>\n<h4>SEVG\u0130 YILDIRIM &amp; HAKAN TA\u015eIYAN &#8211; M\u00dcMK\u00dcN M\u00dc ( V\u0130DEO KL\u0130P)<\/h4>\n<p><iframe loading=\"lazy\" title=\"Sevgi Y\u0131ld\u0131r\u0131m feat Hakan Ta\u015f\u0131yan &quot; M\u00fcmk\u00fcn m\u00fc &quot;\" width=\"640\" height=\"360\" src=\"https:\/\/www.youtube.com\/embed\/nsAK1a4wjPA?feature=oembed\" frameborder=\"0\" allow=\"accelerometer; autoplay; encrypted-media; gyroscope; picture-in-picture\" allowfullscreen><\/iframe><\/p>\n<h4><strong>Sevgi Y\u0131ld\u0131r\u0131m &amp; Hakan Ta\u015f\u0131yan &#8211; M\u00fcmk\u00fcn M\u00fc ( S\u00f6zleri )\u00a0<\/strong><\/h4>\n<p><em>Sana \u00f6yle al\u0131\u015fm\u0131\u015fken<\/em><br \/>\n<em>Hi\u00e7bir yere gidemezsin<\/em><br \/>\n<em>Benden ba\u015fka birisine<\/em><br \/>\n<em>Sen can\u0131m diyemezsin<\/em><\/p>\n<p><em>M\u00fcmk\u00fcn m\u00fc sensiz ya\u015famak<\/em><br \/>\n<em>M\u00fcmk\u00fcn m\u00fc senden ayr\u0131lmak<\/em><br \/>\n<em>M\u00fcmk\u00fcn m\u00fc sensiz bu hayat<\/em><br \/>\n<em>M\u00fcmk\u00fcn m\u00fc m\u00fcmk\u00fcn m\u00fc s\u00f6yle<\/em><\/p>\n<p><em>Diyorsun ki ayr\u0131lal\u0131m<\/em><br \/>\n<em>Bitirelim bu sevday\u0131<\/em><br \/>\n<em>E\u011fer sen yoksan i\u00e7inde<\/em><br \/>\n<em>Ne yapay\u0131m bu d\u00fcnyay\u0131<\/em><\/p>\n<p><strong>S\u00f6z : Yusuf Bulut<\/strong><br \/>\n<strong>M\u00fczik : Taner Solak<\/strong><br \/>\n<strong>Aranj\u00f6r : Tar\u0131k A\u011fansoy<\/strong><\/p>\n<h4>SEVG\u0130 YILDIRIM &#8211; SEV BEN\u0130 YAR ( V\u0130DEO KL\u0130P)<\/h4>\n<p><iframe loading=\"lazy\" title=\"Sevgi Y\u0131ld\u0131r\u0131m &quot; Sev Beni Yar &quot;\" width=\"640\" height=\"360\" src=\"https:\/\/www.youtube.com\/embed\/6vojjZ9AmWk?feature=oembed\" frameborder=\"0\" allow=\"accelerometer; autoplay; encrypted-media; gyroscope; picture-in-picture\" allowfullscreen><\/iframe><\/p>\n<h4><strong>Sevgi Y\u0131ld\u0131r\u0131m &#8211; Sev Beni Yar ( S\u00f6zleri )\u00a0<\/strong><\/h4>\n<p><em>Kalbimin tek sahibisin<\/em><br \/>\n<em>Tanr\u0131dan tek dile\u011fimsin<\/em><br \/>\n<em>Mevlam ay\u0131rmas\u0131n bizi<\/em><br \/>\n<em>Bedenimde nefesimsin<\/em><\/p>\n<p><em>Sev beni yar hadi art\u0131k sar beni yar<\/em><br \/>\n<em>Sensiz tek bir an\u0131m haram<\/em><br \/>\n<em>Hadi \u015fimdi \u00f6p beni yar<\/em><\/p>\n<p><em>Hayat\u0131m\u0131n anlam\u0131s\u0131n<\/em><br \/>\n<em>Sen ya\u015fama kayna\u011f\u0131ms\u0131n<\/em><br \/>\n<em>Tut b\u0131rakma ellerimi<\/em><br \/>\n<em>Can\u0131ma can katan\u0131ms\u0131n<\/em><\/p>\n<p><strong>S\u00f6z-M\u00fczik : Sevgi Y\u0131ld\u0131r\u0131m<\/strong><br \/>\n<strong>Aranj\u00f6r : Tar\u0131k A\u011fansoy<\/strong><\/p>\n<h4>SEVG\u0130 YILDIRIM &amp; \u00dcM\u0130T YA\u015eAR &#8211; YOK B\u00d6YLE B\u0130R A\u015eK ( V\u0130DEO KL\u0130P)<\/h4>\n<p><iframe loading=\"lazy\" title=\"Sevgi Y\u0131ld\u0131r\u0131m feat \u00dcmit Ya\u015far &quot; Yok B\u00f6yle Bir A\u015fk &quot;\" width=\"640\" height=\"360\" src=\"https:\/\/www.youtube.com\/embed\/Rz46hR0oepg?feature=oembed\" frameborder=\"0\" allow=\"accelerometer; autoplay; encrypted-media; gyroscope; picture-in-picture\" allowfullscreen><\/iframe><\/p>\n<h4><strong>Sevgi Y\u0131ld\u0131r\u0131m &amp; \u00dcmit Ya\u015far &#8211; Yok B\u00f6yle Bir A\u015fk ( S\u00f6zleri )\u00a0<\/strong><\/h4>\n<p><em>Mutlulu\u011fun tad\u0131na ben seninle vard\u0131m<\/em><br \/>\n<em>\u0130nanmazd\u0131m ben a\u015fka hi\u00e7 \u015fimdi inand\u0131m<\/em><br \/>\n<em>Deliler misali yar yar sana ba\u011fland\u0131m<\/em><br \/>\n<em>D\u00fcnyan\u0131n hi\u00e7bir yerinde<\/em><br \/>\n<em>Yok b\u00f6yle bir a\u015fk<\/em><\/p>\n<p><em>Seninle her ge\u00e7en g\u00fcn\u00fcm dolu doludur<\/em><br \/>\n<em>Sana gelen b\u00fct\u00fcn yollar huzur yoludur<\/em><br \/>\n<em>E\u011fer bir g\u00fcn sensiz kalsam benim sonumdur<\/em><br \/>\n<em>Bu a\u015fk gibi bu d\u00fcnyada<\/em><br \/>\n<em>Yok b\u00f6yle bir a\u015fk<\/em><\/p>\n<p><em>A\u015fk\u0131n ile dolup ta\u015fm\u0131\u015f t\u00fcm h\u00fccrelerim<\/em><br \/>\n<em>Ellerini b\u0131rakm\u0131yor tutmu\u015f ellerim<\/em><br \/>\n<em>G\u00f6rm\u00fcyor ki ba\u015fkas\u0131n\u0131 inan g\u00f6zlerim<\/em><br \/>\n<em>Yery\u00fcz\u00fcnde g\u00f6ky\u00fcz\u00fcnde<\/em><br \/>\n<em>Yok b\u00f6yle bir a\u015fk<\/em><\/p>\n<p><strong>S\u00f6z : Yusuf Bulut<\/strong><br \/>\n<strong>M\u00fczik : Taner Solak<\/strong><br \/>\n<strong>Aranj\u00f6r : Tar\u0131k A\u011fansoy<\/strong><\/p>\n<h4>SEVG\u0130 YILDIRIM &#8211; SENDEN \u0130BARET ( V\u0130DEO KL\u0130P)<\/h4>\n<p><iframe loading=\"lazy\" title=\"Sevgi Y\u0131ld\u0131r\u0131m &quot;Senden \u0130baret&quot;\" width=\"640\" height=\"360\" src=\"https:\/\/www.youtube.com\/embed\/IGm_u-79voU?feature=oembed\" frameborder=\"0\" allow=\"accelerometer; autoplay; encrypted-media; gyroscope; picture-in-picture\" allowfullscreen><\/iframe><\/p>\n<h4><strong>Sevgi Y\u0131ld\u0131r\u0131m &#8211; Senden \u0130baret ( S\u00f6zleri )\u00a0<\/strong><\/h4>\n<p><em>Bir d\u00fcnya kurdum ki kendi g\u00f6nl\u00fcmce<\/em><br \/>\n<em>O d\u00fcnya sadece senden ibaret<\/em><br \/>\n<em>G\u00f6zlerim bir ba\u015fka g\u00fczellik g\u00f6rmez<\/em><br \/>\n<em>B\u00fct\u00fcn g\u00fczellikler senden ibaret<\/em><\/p>\n<p><em>G\u00f6rd\u00fc\u011f\u00fcm ne r\u00fcya ne \u00e7\u00f6lde serap<\/em><br \/>\n<em>Varl\u0131\u011f\u0131n aleme en b\u00fcy\u00fck cevap<\/em><br \/>\n<em>Kusura bakmas\u0131n g\u00fcne\u015fle mehtap<\/em><br \/>\n<em>B\u00fct\u00fcn ayd\u0131nl\u0131klar senden ibaret<\/em><\/p>\n<p><em>A\u00e7\u0131yor g\u00f6nl\u00fcmde yedi renk \u00e7i\u00e7ek<\/em><br \/>\n<em>Sevdan\u0131n s\u0131rr\u0131na ermek bu demek<\/em><br \/>\n<em>Yalanlar i\u00e7inde bir sensin ger\u00e7ek<\/em><br \/>\n<em>B\u00fct\u00fcn hakikatler senden ibaret<\/em><\/p>\n<p><strong>S\u00f6z : Mehmet Ali \u00d6\u00e7<\/strong><br \/>\n<strong>M\u00fczik : Taner Solak<\/strong><br \/>\n<strong>Aranj\u00f6r : Tar\u0131k A\u011fansoy<\/strong><\/p>\n<h4>SEVG\u0130 YILDIRIM &amp; HAKAN TA\u015eIYAN &#8211; M\u00dcMK\u00dcN M\u00dc \/ REM\u0130X ( V\u0130DEO KL\u0130P)<\/h4>\n<p><iframe loading=\"lazy\" title=\"Sevgi Y\u0131ld\u0131r\u0131m feat Hakan Ta\u015f\u0131yan &quot; M\u00fcmk\u00fcn m\u00fc &quot; Remix\" width=\"640\" height=\"360\" src=\"https:\/\/www.youtube.com\/embed\/BgyIe649_z4?feature=oembed\" frameborder=\"0\" allow=\"accelerometer; autoplay; encrypted-media; gyroscope; picture-in-picture\" allowfullscreen><\/iframe><\/p>\n<p>&nbsp;<\/p>\n<p>&nbsp;<\/p>\n<p>&nbsp;<\/p>\n<p>&nbsp;<\/p>\n<p>&nbsp;<\/p>\n","protected":false},"excerpt":{"rendered":"<p>\u00dcnl\u00fcler Bu Alb\u00fcm\u2019de Bulu\u015ftu Y\u0131l\u0131n D\u00fcetleri ile muhte\u015fem bir \u00e7al\u0131\u015fma &nbsp; Sevgi Y\u0131ld\u0131r\u0131m \u201cM\u00fcmk\u00fcn m\u00fc\u201d alb\u00fcm\u00fcnde, Hakan Ta\u015f\u0131yan ve \u00dcmit Ya\u015far ile d\u00fcet yapt\u0131. Dinleyebilece\u011finiz ve \u0130ndirebilece\u011finiz Dijital Platformlar Sahne ve m\u00fczik a\u015fk\u0131yla, \u00e7evresinin, dinleyicilerinin te\u015fviki ile \u00e7al\u0131\u015fmalar\u0131na ba\u015flayan Sevgi Y\u0131ld\u0131r\u0131m \u201cM\u00fcmk\u00fcn m\u00fc\u201d alb\u00fcm\u00fcnde, Hakan Ta\u015f\u0131yan ve \u00dcmit Ya\u015far ile d\u00fcet yapt\u0131. 25.07.1978 \u0130stanbul Do\u011fumlu&#8230;<\/p>\n","protected":false},"author":3,"featured_media":1477,"comment_status":"open","ping_status":"open","sticky":false,"template":"","format":"standard","meta":[],"categories":[3,4,8,10],"tags":[88,179,227,291,325],"aioseo_notices":[],"jetpack_sharing_enabled":true,"jetpack_featured_media_url":"https:\/\/bordomuzik.com\/wp-content\/uploads\/2019\/05\/Sevgi-Y\u0131ld\u0131r\u0131m-\u00d6n-Kapak.1620x401-1.jpg","_links":{"self":[{"href":"https:\/\/bordomuzik.com\/index.php?rest_route=\/wp\/v2\/posts\/1475"}],"collection":[{"href":"https:\/\/bordomuzik.com\/index.php?rest_route=\/wp\/v2\/posts"}],"about":[{"href":"https:\/\/bordomuzik.com\/index.php?rest_route=\/wp\/v2\/types\/post"}],"author":[{"embeddable":true,"href":"https:\/\/bordomuzik.com\/index.php?rest_route=\/wp\/v2\/users\/3"}],"replies":[{"embeddable":true,"href":"https:\/\/bordomuzik.com\/index.php?rest_route=%2Fwp%2Fv2%2Fcomments&post=1475"}],"version-history":[{"count":1,"href":"https:\/\/bordomuzik.com\/index.php?rest_route=\/wp\/v2\/posts\/1475\/revisions"}],"predecessor-version":[{"id":1748,"href":"https:\/\/bordomuzik.com\/index.php?rest_route=\/wp\/v2\/posts\/1475\/revisions\/1748"}],"wp:featuredmedia":[{"embeddable":true,"href":"https:\/\/bordomuzik.com\/index.php?rest_route=\/wp\/v2\/media\/1477"}],"wp:attachment":[{"href":"https:\/\/bordomuzik.com\/index.php?rest_route=%2Fwp%2Fv2%2Fmedia&parent=1475"}],"wp:term":[{"taxonomy":"category","embeddable":true,"href":"https:\/\/bordomuzik.com\/index.php?rest_route=%2Fwp%2Fv2%2Fcategories&post=1475"},{"taxonomy":"post_tag","embeddable":true,"href":"https:\/\/bordomuzik.com\/index.php?rest_route=%2Fwp%2Fv2%2Ftags&post=1475"}],"curies":[{"name":"wp","href":"https:\/\/api.w.org\/{rel}","templated":true}]}}