{"id":173,"date":"2019-04-25T21:08:31","date_gmt":"2019-04-25T18:08:31","guid":{"rendered":"https:\/\/www.bordomuzik.com\/?p=173"},"modified":"2019-04-25T21:08:31","modified_gmt":"2019-04-25T18:08:31","slug":"galip-kayihan-dostlar-olurum-sensiz","status":"publish","type":"post","link":"https:\/\/bordomuzik.com\/?p=173","title":{"rendered":"GAL\u0130P KAYIHAN &#8221; DOSTLAR&#8221; \u00d6L\u00dcR\u00dcM SENS\u0130Z"},"content":{"rendered":"<h1><\/h1>\n<h1><strong>\u00dcnl\u00fclerin Prod\u00fckt\u00f6r\u00fc Kendi Alb\u00fcm\u00fcn\u00fc Yaparak\u00a0 M\u00fczik D\u00fcnyas\u0131na &#8220;Veda Etti&#8221;<\/strong><strong style=\"font-size: 16px;\">\u00a0 \u00a0 \u00a0 \u00a0 \u00a0 \u00a0 \u00a0 \u00a0 \u00a0 \u00a0 \u00a0 \u00a0 \u00a0 \u00a0 \u00a0 \u00a0 \u00a0 \u00a0 \u00a0 \u00a0 \u00a0 \u00a0 \u00a0\u00a0<\/strong><\/h1>\n<h2>\u00c7ok say\u0131da \u00fcnl\u00fc \u015fark\u0131da imzas\u0131 olan m\u00fczisyen Galip Kay\u0131han kendi alb\u00fcm\u00fcn\u00fc yeni bitirmi\u015fti<\/h2>\n<h2 style=\"padding-left: 480px;\"><\/h2>\n<h3>\u00dcnl\u00fc m\u00fczisyen ge\u00e7irdi\u011fi kalp krizi sonucu vefat etti<\/h3>\n<figure id=\"attachment_266\" aria-describedby=\"caption-attachment-266\" style=\"width: 512px\" class=\"wp-caption aligncenter\"><img decoding=\"async\" loading=\"lazy\" class=\"wp-image-266 size-full\" src=\"https:\/\/bordomuzik.com\/wp-content\/uploads\/2019\/04\/Galip-Kay\u0131han-\u00d6n-Kapak512x424-1.jpg\" alt=\"\" width=\"512\" height=\"424\" srcset=\"https:\/\/bordomuzik.com\/wp-content\/uploads\/2019\/04\/Galip-Kay\u0131han-\u00d6n-Kapak512x424-1.jpg 512w, https:\/\/bordomuzik.com\/wp-content\/uploads\/2019\/04\/Galip-Kay\u0131han-\u00d6n-Kapak512x424-1-300x248.jpg 300w\" sizes=\"(max-width: 512px) 100vw, 512px\" \/><figcaption id=\"caption-attachment-266\" class=\"wp-caption-text\">galip-kayihan-dostlar-olurum-sensiz-2<\/figcaption><\/figure>\n<p><strong>Dinleyebilece\u011finiz ve \u0130ndirebilece\u011finiz Dijital Platformlar<\/strong><\/p>\n<p style=\"text-align: center;\"><a href=\"https:\/\/itunes.apple.com\/album\/id1448556728\"><img decoding=\"async\" loading=\"lazy\" class=\"alignnone wp-image-662\" src=\"https:\/\/bordomuzik.com\/wp-content\/uploads\/2019\/04\/iapplekare-1.png\" alt=\"\" width=\"30\" height=\"30\" \/><\/a> <a href=\"https:\/\/open.spotify.com\/album\/5WP9EjUr1rcVOBnbn0fiMu\"><img decoding=\"async\" loading=\"lazy\" class=\"alignnone wp-image-670\" src=\"https:\/\/bordomuzik.com\/wp-content\/uploads\/2019\/04\/ispotifykare-1.png\" alt=\"\" width=\"30\" height=\"30\" \/><\/a> <a href=\"http:\/\/play.fizy.com\/sanatci\/--\/Galip%20Kay%C4%B1han%20&amp;amp;%20Dostlar\/41000023\/--\/sarkilar\/karisik\"><img decoding=\"async\" loading=\"lazy\" class=\"alignnone wp-image-582\" style=\"font-size: 16px;\" src=\"https:\/\/bordomuzik.com\/wp-content\/uploads\/2019\/04\/iconfizy-1.png\" alt=\"\" width=\"27\" height=\"27\" \/><\/a> <a href=\"https:\/\/www.deezer.com\/en\/album\/82787492\"><img decoding=\"async\" loading=\"lazy\" class=\"alignnone wp-image-664\" src=\"https:\/\/bordomuzik.com\/wp-content\/uploads\/2019\/04\/ideezerkare-1.png\" alt=\"\" width=\"32\" height=\"33\" \/><\/a> <a href=\"https:\/\/www.muud.com.tr\/sa\/660269\"><img decoding=\"async\" loading=\"lazy\" class=\"alignnone wp-image-667\" src=\"https:\/\/bordomuzik.com\/wp-content\/uploads\/2019\/04\/imuuddik-1.png\" alt=\"\" width=\"64\" height=\"32\" \/><\/a><\/p>\n<p><em>\u201c Bize bi\u00e7ilen \u00f6m\u00fcr, geride b\u0131rakt\u0131\u011f\u0131m\u0131z eserlerin ya\u015f\u0131d\u0131r asl\u0131nda. \u00d6m\u00fcr bizlere sunulan hayat\u0131 ya\u015famak de\u011fildir sadece. Soluk ald\u0131k\u00e7a g\u00fczel i\u015flere, onurlu eylemlere bir aslan y\u00fcrekle imza atmakt\u0131r hayat. Hayat bir t\u00fcrk\u00fc okumakt\u0131r, suskun g\u00f6n\u00fcllerde \u00e7\u0131\u011fl\u0131k olmakt\u0131r\u2026\u201d<\/em><\/p>\n<p>1952 y\u0131l\u0131nda Hakim baban\u0131n ve \u00f6\u011fretmen annenin \u00e7ocu\u011fu olarak, Samsun&#8217;da d\u00fcnyaya gelen m\u00fczisyen Galip Kay\u0131han, Samsun Maarif Kolejini ve daha sonra ise Y\u00fcksek Turizm ve \u00d6\u011fretmenlik Okulu\u2019nu bitirdi. Hakim olan babas\u0131, merhum Mahzuni \u015eerif\u2019i yarg\u0131larken, \u201c bu kadar g\u00fczel s\u00f6zleri yazan ve s\u00f6yleyen insan su\u00e7lu olamaz \u201c diyerek, sanata ve sanat\u00e7\u0131ya de\u011fer vermi\u015ftir. O\u011flu Galip Kay\u0131han\u2019\u0131n sanata ba\u015flarken en b\u00fcy\u00fck destek\u00e7iside hakim babas\u0131 olmu\u015ftur.<\/p>\n<p>Tesad\u00fcf eseri tan\u0131\u015ft\u0131\u011f\u0131 <strong>Edip Akbayram<\/strong> ile <strong>Dostla<\/strong>r grubunu kurup, profesyonel m\u00fczik hayat\u0131na ba\u015flam\u0131\u015ft\u0131r. <strong>Vecdi \u00d6ren<\/strong> ( bas gitar ), <strong>Koral Sar\u0131ta\u015f<\/strong> (davul), <strong>Cudi Koyuncu<\/strong> (ba\u011flama, yayl\u0131 tambur, cura), <strong>Galip Kay\u0131han<\/strong> (solo gitar) ), <strong>Edip Akbayram<\/strong>\u2019dan kurulu <strong>Dostlar<\/strong> grubunda \u00e7al\u0131p ve solist olarak yer alm\u0131\u015ft\u0131r. \u0130lk plaklar\u0131n\u0131 \u00e7\u0131karan grup, ard\u0131ndan Anadolu\u2019nun b\u00fct\u00fcn b\u00fcy\u00fck \u015fehirlerini i\u00e7ine alan k\u0131rk g\u00fcnl\u00fck bir turneye \u00e7\u0131km\u0131\u015f, turne d\u00f6n\u00fc\u015f\u00fc ise menajerleri Tuncel\u2019in organize etti\u011fi Hollanda, Bel\u00e7ika ve Almanya\u2019y\u0131 da i\u00e7ine alan Avrupa turnesine \u00e7\u0131km\u0131\u015ft\u0131r.<\/p>\n<h4>GAL\u0130P KAYIHAN &#8211; \u00d6L\u00dcR\u00dcM SENS\u0130Z ( V\u0130DEO KL\u0130P)<\/h4>\n<p><iframe loading=\"lazy\" width=\"640\" height=\"360\" src=\"https:\/\/www.youtube.com\/embed\/l23MDWMxKtM?feature=oembed\" frameborder=\"0\" allow=\"accelerometer; autoplay; encrypted-media; gyroscope; picture-in-picture\" allowfullscreen><\/iframe><\/p>\n<p>&nbsp;<\/p>\n<p><strong>Alb\u00fcme Ad\u0131n\u0131 Veren<\/strong> <strong>\/ \u00d6l\u00fcr\u00fcm Sensiz ( S\u00f6zleri )\u00a0<\/strong><\/p>\n<p><em>Nerdesin Yan\u0131mda Olsan, Bir D\u00f6nsen Yeniden Do\u011fsam<\/em><br \/>\n<em>Y\u0131ld\u0131zlar \u015eahidim \u0130nan, Ben \u00d6l\u00fcr\u00fcm Sensiz.<\/em><br \/>\n<em>Can Bulup Eline Do\u011fsam, Ya\u011fmur Olup Tenine Ya\u011fsam<\/em><br \/>\n<em>Bulutlar \u015eahidim \u0130nan, Ben \u00d6l\u00fcr\u00fcm Sensiz Ahh&#8230;<\/em><br \/>\n<em>Ben \u00d6l\u00fcr\u00fcm Sensiz&#8230;<\/em><\/p>\n<p><em>A\u015fk\u0131m Ger\u00e7ek, Akl\u0131m Talan Ve Hayat\u0131m Senden \u0130baret Gerisi Yalan<\/em><br \/>\n<em>A\u015fk\u0131m Ger\u00e7ek, Akl\u0131m Talan Ve Hayat\u0131m Senden \u0130baret Gerisi Yalan <\/em><br \/>\n<em>Nerdesin Ahh Nerdesin., Nerdesin Nerdesin ?<\/em><\/p>\n<p><em>Nerdesin Yan\u0131mda Olsan, Bir D\u00f6nsen Yeniden Do\u011fsam <\/em><br \/>\n<em>Y\u0131ld\u0131zlar \u015eahidim \u0130nan, Ben \u00d6l\u00fcr\u00fcm Sensiz&#8230;.<\/em><br \/>\n<em>Kaderin Yerinde Olsam Yazg\u0131m\u0131 Dertli Yazmazd\u0131m<\/em><br \/>\n<em>Melekler \u015eahidim \u0130nan. Ben \u00d6l\u00fcr\u00fcm Sensiz&#8230;. Ben \u00d6l\u00fcr\u00fcm Sensiz.<\/em><\/p>\n<p><strong><em>S\u00f6z: Galip Kay\u0131han\/ Tezer Soyk\u00f6k<\/em><\/strong><br \/>\n<strong><em>M\u00fczik : Galip Kay\u0131han<\/em><\/strong><\/p>\n<p>Daha sonra gruptan Koral Sar\u0131ta\u015f ve Vecdi \u00d6ren ayr\u0131ld\u0131, yerine <strong>\u00d6zkan U\u011fu<\/strong>r (bas gitar), Nadir Uygun (davul) <strong>Murat Ses<\/strong> (org) gruba kat\u0131lm\u0131\u015ft\u0131r.<\/p>\n<p>Galip Kay\u0131han&#8217;\u0131n Hollanda&#8217;dan getirdi\u011fi yeni synthesizerlar ile Dostlar grubu Ekim ay\u0131nda <strong>A\u015f\u0131k Mahzuni<\/strong>&#8216;den &#8220;Affetmem Seni&#8221; ve &#8220;Dara\u011fac\u0131&#8221; \u015fark\u0131lar\u0131n\u0131n kay\u0131tlar\u0131n\u0131 yapm\u0131\u015flard\u0131r.Bu iki \u015fark\u0131n\u0131n 45&#8217;lik olarak yay\u0131nlanmas\u0131 tasarlan\u0131rken 1976 y\u0131l\u0131nda Mehmet Emmi adl\u0131 \u015fark\u0131 Daraa\u011fac\u0131&#8217;n\u0131n \u00f6n\u00fcne ge\u00e7erek 45&#8217;li\u011fin ikinci y\u00fcz\u00fcn\u00fc doldurmu\u015f, Dara\u011fac\u0131 ise &#8220;Nedir Ne De\u011fildir&#8221; uzun\u00e7alar\u0131nda yay\u0131nlanm\u0131\u015ft\u0131r.<\/p>\n<p>1977 Y\u0131l\u0131nda \u00a0Galip Kay\u0131han, Ayzer Danga, Cudi Koyuncu ve Mithat Dan\u0131\u015fan&#8217;dan olu\u015fan kadro Nisan ay\u0131nda &#8220;Zalim &#8211; Kahpe Felek&#8221; 45&#8217;li\u011fini tamamlayarak, son konserini Spor Sergi Saray\u2019\u0131nda ger\u00e7ekle\u015ftiren Dostlar Grubu da\u011f\u0131lm\u0131\u015ft\u0131r. Cudi Koyuncu, Mithat Dan\u0131\u015fan&#8217;la birlikte Erenler adl\u0131 yeni bir grubun temellerini atarken, Galip Kay\u0131han da Koral Sar\u0131ta\u015f&#8217;\u0131n kurdu\u011fu Mar\u015fandiz&#8217;e kat\u0131lm\u0131\u015ft\u0131r.<\/p>\n<h4>GAL\u0130P KAYIHAN &#8211; ADANALIYIK ( V\u0130DEO KL\u0130P)<\/h4>\n<p><iframe loading=\"lazy\" width=\"640\" height=\"360\" src=\"https:\/\/www.youtube.com\/embed\/NiyA2sHxU-M?feature=oembed\" frameborder=\"0\" allow=\"accelerometer; autoplay; encrypted-media; gyroscope; picture-in-picture\" allowfullscreen><\/iframe><\/p>\n<p>S\u0131ras\u0131yla Cem Karaca, Dervi\u015fan ve Mar\u015fandiz Gruplar\u0131nda m\u00fczik hayat\u0131na onlarca alb\u00fcm ve single \u00e7al\u0131\u015fmas\u0131 s\u0131\u011fd\u0131rm\u0131\u015ft\u0131r. <strong>Mar\u015fandiz Grubu<\/strong> ile T\u00fcrkiye\u2019de ilk defa st\u00fcdyo sahibi m\u00fczik adamlar\u0131 imaj\u0131n\u0131 sergileyen Galip Kay\u0131han, 90\u2019l\u0131 y\u0131llar\u0131n birinci yar\u0131s\u0131ndan itibaren prod\u00fckt\u00f6r olarak m\u00fczik sekt\u00f6r\u00fcne d\u00f6n\u00fc\u015f yapm\u0131\u015ft\u0131r. Galip Kay\u0131han, m\u00fczik adam\u0131, besteci, prod\u00fckt\u00f6r ve yap\u0131mc\u0131 kimli\u011fini, besteci olarak <strong>Ebru G\u00fcnde\u015f,<\/strong> <strong>Tu\u011frul Arsever, Destan<\/strong>\u2026. gibi bir\u00e7ok sanat\u00e7\u0131ya eserler vererek; prod\u00fckt\u00f6r kimli\u011fine ise <strong>Bar\u0131\u015f Man\u00e7o, Burcu G\u00fcne\u015f, Ciguli, Destan, Melih<\/strong> <strong>Kibar (Yadigar), Edip Akbayram,<\/strong> H\u00fcrriyet grubu ile Alt\u0131n Mikrofon (T\u00fcrk Pop M\u00fczik Tarihi), <strong>Ziynet Sali, Mansur Ark, Ekrem<\/strong> <strong>Ataer<\/strong>\u2026gibi pek \u00e7ok alb\u00fcm\u00fc hayata ge\u00e7irerek devam etmi\u015ftir.<\/p>\n<h4>GAL\u0130P KAYIHAN &#8211; A\u015eK \u00d6L\u00dcML\u00dc ( V\u0130DEO KL\u0130P)<\/h4>\n<p><iframe loading=\"lazy\" width=\"640\" height=\"360\" src=\"https:\/\/www.youtube.com\/embed\/7xUkIKNESN0?feature=oembed\" frameborder=\"0\" allow=\"accelerometer; autoplay; encrypted-media; gyroscope; picture-in-picture\" allowfullscreen><\/iframe><\/p>\n<p>\u00c7ok say\u0131da \u00fcnl\u00fc \u015fark\u0131da imzas\u0131 olan m\u00fczisyen Galip Kay\u0131han kendi alb\u00fcm\u00fcn\u00fc yeni bitirmi\u015fti, alb\u00fcm\u00fcn\u00fc piyasaya \u00e7\u0131karmaya haz\u0131rlan\u0131rken, ge\u00e7irdi\u011fi kalp krizi sonunda 01\/May\u0131s\/2018 tarihinde hayat\u0131n\u0131 kaybetmi\u015ftir. O\u011flu Arda Kay\u0131han katk\u0131lar\u0131yla alb\u00fcm sevenlerine ula\u015ft\u0131r\u0131lm\u0131\u015ft\u0131r.<\/p>\n<figure id=\"attachment_268\" aria-describedby=\"caption-attachment-268\" style=\"width: 512px\" class=\"wp-caption aligncenter\"><img decoding=\"async\" loading=\"lazy\" class=\"wp-image-268 size-full\" src=\"https:\/\/bordomuzik.com\/wp-content\/uploads\/2019\/04\/Galip-Kay\u0131han-Arka-Kapak-512x424-1.jpg\" alt=\"\" width=\"512\" height=\"424\" srcset=\"https:\/\/bordomuzik.com\/wp-content\/uploads\/2019\/04\/Galip-Kay\u0131han-Arka-Kapak-512x424-1.jpg 512w, https:\/\/bordomuzik.com\/wp-content\/uploads\/2019\/04\/Galip-Kay\u0131han-Arka-Kapak-512x424-1-300x248.jpg 300w\" sizes=\"(max-width: 512px) 100vw, 512px\" \/><figcaption id=\"caption-attachment-268\" class=\"wp-caption-text\">galip-kayihan-dostlar-olurum-sensiz-3<\/figcaption><\/figure>\n<p>Yap\u0131mc\u0131 Medeni U\u00e7ar, BORDO M\u00dcZ\u0130K etiketiyle, <strong><u>11\/01\/2019<\/u><\/strong> tarihinde t\u00fcm dijital platformlarda, AT\u0130 M\u00dcZ\u0130K\u2019in da\u011f\u0131t\u0131m\u0131 ile&#8217;de\u00a0<strong><u>23\/01\/2019<\/u><\/strong> tarihinde ise t\u00fcm m\u00fczik marketlerde yerini ald\u0131.<\/p>\n<figure id=\"attachment_277\" aria-describedby=\"caption-attachment-277\" style=\"width: 512px\" class=\"wp-caption aligncenter\"><img decoding=\"async\" loading=\"lazy\" class=\"wp-image-277 size-full\" src=\"https:\/\/bordomuzik.com\/wp-content\/uploads\/2019\/04\/Galip-Kay\u0131han-512x424-1-1.jpg\" alt=\"\" width=\"512\" height=\"424\" srcset=\"https:\/\/bordomuzik.com\/wp-content\/uploads\/2019\/04\/Galip-Kay\u0131han-512x424-1-1.jpg 512w, https:\/\/bordomuzik.com\/wp-content\/uploads\/2019\/04\/Galip-Kay\u0131han-512x424-1-1-300x248.jpg 300w\" sizes=\"(max-width: 512px) 100vw, 512px\" \/><figcaption id=\"caption-attachment-277\" class=\"wp-caption-text\">galip-kayihan-dostlar-olurum-sensiz-4<\/figcaption><\/figure>\n<p><strong><em>Sevgili dostlar;<\/em><\/strong><\/p>\n<p><em>Bu alb\u00fcmde her kanal samimiyeti kaybolmas\u0131n diye sadece bir defada \u00e7al\u0131n\u0131p bir kerede okunmu\u015ftur. Be\u015f y\u0131ll\u0131k uzun bir u\u011fra\u015f\u0131n\u0131n ve eme\u011fin \u00fcr\u00fcn\u00fc olan bu alb\u00fcmde sizlere ula\u015fabilmek i\u00e7in d\u00f6kt\u00fc\u011f\u00fcm \u00e7abalarda tabii ki benim de koruyucu meleklerim vard\u0131. Ba\u015fta bana inanarak bu alb\u00fcm\u00fcn sizlere ula\u015fmas\u0131n\u0131 sa\u011flayan Medeni U\u00e7ar\u2019a, aileme, o\u011flum ARDA Kay\u0131han, K\u0131z\u0131m Yasemen Kay\u0131han\u2019a bana inanan arkada\u015flar\u0131m Niyazi Bostano\u011flu, Tanju Ar\u0131kan, Koral Sar\u0131ta\u015f, Nino Varon, Alp Egemen\u2019e ve Ognian \u0130vanov\u2019a sizlere ula\u015fmam\u0131 sa\u011flamak i\u00e7in hi\u00e7 bir bedel beklemeden gece g\u00fcnd\u00fcz teknik destek sa\u011flayan B\u00fclent Y\u0131ld\u0131r\u0131m\u2019a, bas gitarlar\u0131yla bana g\u00f6n\u00fcll\u00fc e\u015flik eden karde\u015flerim \u00d6zg\u00fcr Yenilmez ve Alper \u00c7am\u2019a, her zor g\u00fcn\u00fcmde yan\u0131mda olan de\u011ferli s\u00f6z yazar\u0131 arkada\u015f\u0131m Seda Akay\u2019a, taa yurt d\u0131\u015f\u0131ndan s\u0131rf beni m\u00fczi\u011fe d\u00f6nd\u00fcrmek i\u00e7in \u00e7abalay\u0131p ellerinde kollar\u0131nda a\u011f\u0131r gitar ve aletlerle gelip bana g\u00f6n\u00fclden destek olan Katty Metodieva\u2019ya ve Oktay Demirkesenler karde\u015fime ve e\u015fine, Gitar\u0131yla en sevdi\u011fim eserimde bana d\u00fcet yapan Ayd\u0131n Tilkal dostuma, bana g\u00f6re gelece\u011fin s\u00f6z yazar\u0131 karde\u015fim Tezer Soyk\u00f6k\u2019e, Her zaman yan\u0131mda olan Destan Hakan\u2019a, Seslerini \u00e7ok be\u011fendi\u011fim ve bu alb\u00fcmde bana konuk olmalar\u0131n\u0131 diledi\u011fim \u00fc\u00e7 s\u0131k\u0131 yorumcu Teddy Katzarova, Gamze Lim ve Eylem Calp\u2019a, \u00e7ok sevdi\u011fim \u015fark\u0131s\u0131n\u0131 bizlerle payla\u015fan sevgili Fergan Mirkelam\u2019a g\u00f6n\u00fcl dolusu te\u015fekk\u00fcrlerimle&#8230;<\/em><\/p>\n<p><strong><em>Galip Kay\u0131han<\/em><\/strong><\/p>\n<figure id=\"attachment_276\" aria-describedby=\"caption-attachment-276\" style=\"width: 512px\" class=\"wp-caption aligncenter\"><img decoding=\"async\" loading=\"lazy\" class=\"wp-image-276 size-full\" src=\"https:\/\/bordomuzik.com\/wp-content\/uploads\/2019\/04\/Galip-Kay\u0131han-512x424-2.jpg\" alt=\"\" width=\"512\" height=\"424\" srcset=\"https:\/\/bordomuzik.com\/wp-content\/uploads\/2019\/04\/Galip-Kay\u0131han-512x424-2.jpg 512w, https:\/\/bordomuzik.com\/wp-content\/uploads\/2019\/04\/Galip-Kay\u0131han-512x424-2-300x248.jpg 300w\" sizes=\"(max-width: 512px) 100vw, 512px\" \/><figcaption id=\"caption-attachment-276\" class=\"wp-caption-text\">galip-kayihan-dostlar-olurum-sensiz-5<\/figcaption><\/figure>\n<p>&nbsp;<\/p>\n<p>&nbsp;<\/p>\n","protected":false},"excerpt":{"rendered":"<p>\u00dcnl\u00fclerin Prod\u00fckt\u00f6r\u00fc Kendi Alb\u00fcm\u00fcn\u00fc Yaparak\u00a0 M\u00fczik D\u00fcnyas\u0131na &#8220;Veda Etti&#8221;\u00a0 \u00a0 \u00a0 \u00a0 \u00a0 \u00a0 \u00a0 \u00a0 \u00a0 \u00a0 \u00a0 \u00a0 \u00a0 \u00a0 \u00a0 \u00a0 \u00a0 \u00a0 \u00a0 \u00a0 \u00a0 \u00a0 \u00a0\u00a0 \u00c7ok say\u0131da \u00fcnl\u00fc \u015fark\u0131da imzas\u0131 olan m\u00fczisyen Galip Kay\u0131han kendi alb\u00fcm\u00fcn\u00fc yeni bitirmi\u015fti \u00dcnl\u00fc m\u00fczisyen ge\u00e7irdi\u011fi kalp krizi sonucu vefat etti Dinleyebilece\u011finiz ve \u0130ndirebilece\u011finiz&#8230;<\/p>\n","protected":false},"author":3,"featured_media":264,"comment_status":"open","ping_status":"open","sticky":false,"template":"","format":"standard","meta":[],"categories":[45,3,4,6],"tags":[146,244,263,296,326],"aioseo_notices":[],"jetpack_sharing_enabled":true,"jetpack_featured_media_url":"https:\/\/bordomuzik.com\/wp-content\/uploads\/2019\/04\/Galip-Kay\u0131han-\u00d6n-Kapak-620x401-1.jpg","_links":{"self":[{"href":"https:\/\/bordomuzik.com\/index.php?rest_route=\/wp\/v2\/posts\/173"}],"collection":[{"href":"https:\/\/bordomuzik.com\/index.php?rest_route=\/wp\/v2\/posts"}],"about":[{"href":"https:\/\/bordomuzik.com\/index.php?rest_route=\/wp\/v2\/types\/post"}],"author":[{"embeddable":true,"href":"https:\/\/bordomuzik.com\/index.php?rest_route=\/wp\/v2\/users\/3"}],"replies":[{"embeddable":true,"href":"https:\/\/bordomuzik.com\/index.php?rest_route=%2Fwp%2Fv2%2Fcomments&post=173"}],"version-history":[{"count":0,"href":"https:\/\/bordomuzik.com\/index.php?rest_route=\/wp\/v2\/posts\/173\/revisions"}],"wp:featuredmedia":[{"embeddable":true,"href":"https:\/\/bordomuzik.com\/index.php?rest_route=\/wp\/v2\/media\/264"}],"wp:attachment":[{"href":"https:\/\/bordomuzik.com\/index.php?rest_route=%2Fwp%2Fv2%2Fmedia&parent=173"}],"wp:term":[{"taxonomy":"category","embeddable":true,"href":"https:\/\/bordomuzik.com\/index.php?rest_route=%2Fwp%2Fv2%2Fcategories&post=173"},{"taxonomy":"post_tag","embeddable":true,"href":"https:\/\/bordomuzik.com\/index.php?rest_route=%2Fwp%2Fv2%2Ftags&post=173"}],"curies":[{"name":"wp","href":"https:\/\/api.w.org\/{rel}","templated":true}]}}