{"id":435,"date":"2019-04-25T22:15:06","date_gmt":"2019-04-25T19:15:06","guid":{"rendered":"https:\/\/www.bordomuzik.com\/?p=435"},"modified":"2019-04-25T22:15:06","modified_gmt":"2019-04-25T19:15:06","slug":"sevilen-sanatci-alpay-bordo-muzik-ile-anlasti","status":"publish","type":"post","link":"https:\/\/bordomuzik.com\/?p=435","title":{"rendered":"SEV\u0130LEN SANAT\u00c7I &#8220;ALPAY&#8221; BORDO M\u00dcZ\u0130K \u0130LE ANLA\u015eTI"},"content":{"rendered":"<h1><\/h1>\n<h1>Son d\u00f6nemde sekt\u00f6rde yapt\u0131\u011f\u0131 transferlerle g\u00fcndeme gelen BORDO M\u00dcZ\u0130K ailesine ALPAY\u2019da kat\u0131ld\u0131.<\/h1>\n<h2>M\u00fczik sekt\u00f6r\u00fcne canl\u0131l\u0131k getirecek projeler ard arda.<\/h2>\n<p>&nbsp;<\/p>\n<h3>Muhte\u015fem bir proje alb\u00fcm ile, \u00e7ok yak\u0131nda.<\/h3>\n<figure id=\"attachment_438\" aria-describedby=\"caption-attachment-438\" style=\"width: 512px\" class=\"wp-caption aligncenter\"><img decoding=\"async\" loading=\"lazy\" class=\"size-full wp-image-438\" src=\"https:\/\/bordomuzik.com\/wp-content\/uploads\/2019\/04\/alpay512x400-1.jpg\" alt=\"\" width=\"512\" height=\"420\" srcset=\"https:\/\/bordomuzik.com\/wp-content\/uploads\/2019\/04\/alpay512x400-1.jpg 512w, https:\/\/bordomuzik.com\/wp-content\/uploads\/2019\/04\/alpay512x400-1-300x246.jpg 300w\" sizes=\"(max-width: 512px) 100vw, 512px\" \/><figcaption id=\"caption-attachment-438\" class=\"wp-caption-text\">sevilen-sanatci-alpay-bordo-muzik-ile-anlasti-2<\/figcaption><\/figure>\n<p>&#8220;<strong>Eyl\u00fcl\u2019de Gel&#8221; ,&#8221;Fabrika K\u0131z\u0131&#8221; ,&#8221;Hayalimdeki Resim&#8221; ve \u201cGitme\u201d<\/strong> gibi hit \u015fark\u0131lara imza atan ALPAY, yeni alb\u00fcm serilerine imza atarken olduk\u00e7a keyifli idi.<\/p>\n<p>Pop m\u00fczik \u015fark\u0131c\u0131s\u0131, besteci, <strong>Alpay<\/strong>, 1935 y\u0131l\u0131nda Ankara\u2019da ailesinin tek \u00e7ocu\u011fu olarak do\u011fdu. Soyad\u0131 Nazikio\u011flu\u2019dur. Babas\u0131 Turhan Cemal Bey, Devlet Demir Yollar\u0131\u2019nda b\u00fcrokrat olarak \u00e7ok uzun y\u0131llar \u00e7al\u0131\u015fm\u0131\u015f ve buradan emekli olmu\u015f birisidir. Annesi CHP ba\u015fk\u00e2tibesi olarak y\u0131llarca g\u00f6rev yapm\u0131\u015f Daime Han\u0131m\u2019d\u0131r. Hayat\u0131, 3,5 ya\u015f\u0131ndan ortaokul sonuna kadar at \u00fcst\u00fcnde ge\u00e7ti. Ankara\u2019da, Sara\u00e7o\u011flu Mahallesi\u2019ndeki \u00e7ay\u0131rlarda ata binerdi. \u0130lkokula ba\u015flayan k\u00fc\u00e7\u00fck Alpay, ortaokulu da ayn\u0131 yerde, Ankara Koleji\u2019nde bitirir. Sonra Atat\u00fcrk Lisesi\u2019ne gider.<br \/>\nLisede okurken Y\u00fczme, Uzakdo\u011fu sporlar\u0131, ko\u015fu gibi bran\u015flarda ba\u015far\u0131l\u0131 olan Alpay Nazikio\u011flu, futbolda da k\u0131sa s\u00fcrede dikkat \u00e7eker ve Ankarademirspor\u2019da futbol oynamaya ba\u015flar. Ard\u0131ndan, Gen\u00e7lerbirli\u011fi\u2019nde devam ettirir, profesyonel futbol ya\u015fam\u0131n\u0131. B\u00f6ylece, lise \u00f6\u011frencisi iken Gen\u00e7 Milli Futbol Tak\u0131m\u0131\u2019na se\u00e7ilir. Bu sebeple dersleri k\u00f6t\u00fc gidince okul de\u011fi\u015ftirir, ve Gazi Lisesi\u2019ne ge\u00e7er. Lise diplomas\u0131n\u0131 buradan al\u0131r. Babas\u0131n\u0131n iste\u011fiyle Ankara \u00dcsi\u2019ne giderek oradan mezun oldu. Ama hi\u00e7 avukatl\u0131k yapmad\u0131.<\/p>\n<figure id=\"attachment_951\" aria-describedby=\"caption-attachment-951\" style=\"width: 512px\" class=\"wp-caption aligncenter\"><img decoding=\"async\" loading=\"lazy\" class=\"size-full wp-image-951\" src=\"https:\/\/bordomuzik.com\/wp-content\/uploads\/2019\/04\/ALPAY.2512X424-1.jpg\" alt=\"\" width=\"512\" height=\"424\" srcset=\"https:\/\/bordomuzik.com\/wp-content\/uploads\/2019\/04\/ALPAY.2512X424-1.jpg 512w, https:\/\/bordomuzik.com\/wp-content\/uploads\/2019\/04\/ALPAY.2512X424-1-300x248.jpg 300w\" sizes=\"(max-width: 512px) 100vw, 512px\" \/><figcaption id=\"caption-attachment-951\" class=\"wp-caption-text\">sevilen-sanatci-alpay-bordo-muzik-ile-anlasti-3<\/figcaption><\/figure>\n<p>&nbsp;<\/p>\n<p>1964 y\u0131l\u0131nda m\u00fczikal kariyerine ba\u015flad\u0131. Hukuk fak\u00fcltesinin son s\u0131n\u0131f\u0131nda iken, Ankara\u2019daki B\u00fcy\u00fck Sinema\u2019da sahneye \u00e7\u0131kar. Romantik folk ve rock tarz\u0131nda deneysel m\u00fczikler yapt\u0131. Alpay\u2019\u0131n ilk d\u00f6nemi \u00e7o\u011funlukla \u0130ngilizce ve \u0130spanyolca cover ve \u00f6zg\u00fcn besteye dayanmakla beraber kariyerinin ilk \u015fark\u0131s\u0131n\u0131n \u201cKara Tren\u201d olmas\u0131 gayet ilgin\u00e7 ve manidard\u0131r. 1963 y\u0131l\u0131nda hen\u00fcz sahneye \u00e7\u0131kmaz iken Doruk Onatkut orkestras\u0131 ile kaydetti\u011fi Kara Tren T\u00fcrkiye radyolar\u0131ndan Alpay\u2019\u0131n sesinin duyulmas\u0131n\u0131 sa\u011flam\u0131\u015ft\u0131.<\/p>\n<p>Kara Tren, 1964 sonras\u0131nda bu kez Alpay\u2019\u0131n ilk grubu olan \u201cAlpay ve Arkada\u015flar\u0131\u201d e\u015fli\u011finde yeniden kaydedildi.<\/p>\n<p>Askerli\u011fini de 1966 senesinde Mamak Muhabere Okulu\u2019nda aste\u011fmen olarak ba\u015flayan Alpay, Milli Savunma Bakanl\u0131\u011f\u0131 Halkla \u0130li\u015fkiler Grup Ba\u015fkanl\u0131\u011f\u0131 \u0130\u015f ve \u0130\u015f\u00e7i M\u00fcnasebetleri \u015eubesi K\u0131s\u0131m Amiri olarak yapm\u0131\u015ft\u0131r.<\/p>\n<p>1972 y\u0131l\u0131nda Alpay\u2019\u0131n 3 H\u00fcrel grubu ile birle\u015fti. Ve \u201cA\u015fk B\u00f6yledir-G\u00f6n\u00fcllerde Bahar\u201d pla\u011f\u0131n\u0131 yapt\u0131lar. Birlikteleri uzun s\u00fcreli olamad\u0131. Bu pla\u011f\u0131 takiben Alpay, Oksijenler ile birlikte 1973\u2019de Can Karag\u00f6zl\u00fcm pla\u011f\u0131n\u0131 yapt\u0131.<\/p>\n<p><em>Bordo M\u00fczik \u00e7at\u0131s\u0131 alt\u0131nda, <strong>&#8220;ALPAY&#8217;\u0131n H\u0130KAYES\u0130&#8221;<\/strong> alb\u00fcmleri hummal\u0131 bir \u00e7al\u0131\u015fma ile devam etmekte.<\/em><\/p>\n<p>&nbsp;<\/p>\n","protected":false},"excerpt":{"rendered":"<p>Son d\u00f6nemde sekt\u00f6rde yapt\u0131\u011f\u0131 transferlerle g\u00fcndeme gelen BORDO M\u00dcZ\u0130K ailesine ALPAY\u2019da kat\u0131ld\u0131. M\u00fczik sekt\u00f6r\u00fcne canl\u0131l\u0131k getirecek projeler ard arda. &nbsp; Muhte\u015fem bir proje alb\u00fcm ile, \u00e7ok yak\u0131nda. &#8220;Eyl\u00fcl\u2019de Gel&#8221; ,&#8221;Fabrika K\u0131z\u0131&#8221; ,&#8221;Hayalimdeki Resim&#8221; ve \u201cGitme\u201d gibi hit \u015fark\u0131lara imza atan ALPAY, yeni alb\u00fcm serilerine imza atarken olduk\u00e7a keyifli idi. Pop m\u00fczik \u015fark\u0131c\u0131s\u0131, besteci, Alpay, 1935&#8230;<\/p>\n","protected":false},"author":3,"featured_media":437,"comment_status":"open","ping_status":"open","sticky":false,"template":"","format":"standard","meta":[],"categories":[23,3,4,6],"tags":[76,78,164,296,316],"aioseo_notices":[],"jetpack_sharing_enabled":true,"jetpack_featured_media_url":"https:\/\/bordomuzik.com\/wp-content\/uploads\/2019\/04\/alpay620x401-1.jpg","_links":{"self":[{"href":"https:\/\/bordomuzik.com\/index.php?rest_route=\/wp\/v2\/posts\/435"}],"collection":[{"href":"https:\/\/bordomuzik.com\/index.php?rest_route=\/wp\/v2\/posts"}],"about":[{"href":"https:\/\/bordomuzik.com\/index.php?rest_route=\/wp\/v2\/types\/post"}],"author":[{"embeddable":true,"href":"https:\/\/bordomuzik.com\/index.php?rest_route=\/wp\/v2\/users\/3"}],"replies":[{"embeddable":true,"href":"https:\/\/bordomuzik.com\/index.php?rest_route=%2Fwp%2Fv2%2Fcomments&post=435"}],"version-history":[{"count":0,"href":"https:\/\/bordomuzik.com\/index.php?rest_route=\/wp\/v2\/posts\/435\/revisions"}],"wp:featuredmedia":[{"embeddable":true,"href":"https:\/\/bordomuzik.com\/index.php?rest_route=\/wp\/v2\/media\/437"}],"wp:attachment":[{"href":"https:\/\/bordomuzik.com\/index.php?rest_route=%2Fwp%2Fv2%2Fmedia&parent=435"}],"wp:term":[{"taxonomy":"category","embeddable":true,"href":"https:\/\/bordomuzik.com\/index.php?rest_route=%2Fwp%2Fv2%2Fcategories&post=435"},{"taxonomy":"post_tag","embeddable":true,"href":"https:\/\/bordomuzik.com\/index.php?rest_route=%2Fwp%2Fv2%2Ftags&post=435"}],"curies":[{"name":"wp","href":"https:\/\/api.w.org\/{rel}","templated":true}]}}