{"id":715,"date":"2019-04-28T02:17:15","date_gmt":"2019-04-27T23:17:15","guid":{"rendered":"https:\/\/www.bordomuzik.com\/?p=715"},"modified":"2019-04-28T02:17:15","modified_gmt":"2019-04-27T23:17:15","slug":"ayhan-yildirimdan-mihman-albumu","status":"publish","type":"post","link":"https:\/\/bordomuzik.com\/?p=715","title":{"rendered":"AYHAN YILDIRIM\u2019DAN \u2018M\u0130HMAN\u2019 ALB\u00dcM\u00dc"},"content":{"rendered":"<h1><\/h1>\n<h1>Alb\u00fcm\u00fcn aranj\u00f6rl\u00fc\u011f\u00fc ve y\u00f6netmenli\u011fini\u00a0 Ali \u00c7abuk \u00fcstlendi.<\/h1>\n<h2>\u2018Mihman\u2019 \u00a0isimli alb\u00fcmde Sevcan Orhan gibi \u00e7ok de\u011ferli isimler ile \u00e7al\u0131\u015fm\u0131\u015ft\u0131r.<\/h2>\n<p>&nbsp;<\/p>\n<p>&nbsp;<\/p>\n<h3>Ayhan Y\u0131ld\u0131r\u0131m&#8217;\u0131n Avrupa\u2019da organize edilen farkl\u0131 ses yar\u0131\u015fmalar\u0131nda bir birincilik ve birde ikincili\u011fi mevcuttur.<\/h3>\n<figure id=\"attachment_717\" aria-describedby=\"caption-attachment-717\" style=\"width: 512px\" class=\"wp-caption aligncenter\"><img decoding=\"async\" loading=\"lazy\" class=\"size-full wp-image-717\" src=\"https:\/\/bordomuzik.com\/wp-content\/uploads\/2019\/04\/ayhan-y\u0131ld\u0131r\u0131m-512x424-1.jpg\" alt=\"\" width=\"512\" height=\"424\" srcset=\"https:\/\/bordomuzik.com\/wp-content\/uploads\/2019\/04\/ayhan-y\u0131ld\u0131r\u0131m-512x424-1.jpg 512w, https:\/\/bordomuzik.com\/wp-content\/uploads\/2019\/04\/ayhan-y\u0131ld\u0131r\u0131m-512x424-1-300x248.jpg 300w\" sizes=\"(max-width: 512px) 100vw, 512px\" \/><figcaption id=\"caption-attachment-717\" class=\"wp-caption-text\">ayhan-yildirimdan-mihman-albumu-2<\/figcaption><\/figure>\n<p><strong>Dinleyebilece\u011finiz ve \u0130ndirebilece\u011finiz Dijital Platformlar<\/strong><\/p>\n<p style=\"text-align: center;\"><a href=\"https:\/\/itunes.apple.com\/tr\/album\/mihman\/1195859703?l=tr\"><img decoding=\"async\" loading=\"lazy\" class=\"alignnone wp-image-662\" src=\"https:\/\/bordomuzik.com\/wp-content\/uploads\/2019\/04\/iapplekare-1.png\" alt=\"\" width=\"30\" height=\"30\" \/><\/a> <a href=\"https:\/\/open.spotify.com\/album\/09K5dhoqxNIXb0Jhb9CTCJ\"><img decoding=\"async\" loading=\"lazy\" class=\"alignnone wp-image-670\" src=\"https:\/\/bordomuzik.com\/wp-content\/uploads\/2019\/04\/ispotifykare-1.png\" alt=\"\" width=\"30\" height=\"30\" \/><\/a> <a href=\"http:\/\/play.fizy.com\/album\/--\/Mihman\/VFItODY4MTA1NzAzMjE3MA\/--\/sarkilar\/karisik\"><img decoding=\"async\" loading=\"lazy\" class=\"alignnone wp-image-582\" style=\"font-size: 16px;\" src=\"https:\/\/bordomuzik.com\/wp-content\/uploads\/2019\/04\/iconfizy-1.png\" alt=\"\" width=\"27\" height=\"27\" \/><\/a> <a href=\"https:\/\/www.deezer.com\/en\/album\/15091163\"><img decoding=\"async\" loading=\"lazy\" class=\"alignnone wp-image-664\" src=\"https:\/\/bordomuzik.com\/wp-content\/uploads\/2019\/04\/ideezerkare-1.png\" alt=\"\" width=\"32\" height=\"33\" \/><\/a> <a href=\"https:\/\/www.muud.com.tr\/sa\/494016\"><img decoding=\"async\" loading=\"lazy\" class=\"alignnone wp-image-667\" src=\"https:\/\/bordomuzik.com\/wp-content\/uploads\/2019\/04\/imuuddik-1.png\" alt=\"\" width=\"64\" height=\"32\" \/><\/a><\/p>\n<p>Ayhan Y\u0131ld\u0131r\u0131m 1978 Almanya\u2019n\u0131n Augsburg \u015fehrinde do\u011fdu. Aile k\u00f6keni Sivas \u0130mranl\u0131 il\u00e7esinin \u00c7and\u0131r k\u00f6y\u00fcne dayanmaktad\u0131r. D\u00f6rt erkek karde\u015fin en k\u00fc\u00e7\u00fc\u011f\u00fcd\u00fcr. Abilerinin etkisi alt\u0131nda m\u00fczik ile tan\u0131\u015fm\u0131\u015ft\u0131r.<\/p>\n<p>\u0130lk sahnesi ilk okul birinci s\u0131n\u0131fta okul etkinliklerinde meydana gelmi\u015ftir. Daha sonra klavye ile tan\u0131\u015fan Ayhan Y\u0131ld\u0131r\u0131m, 1992\u2019de abileri ile birlikte kurduklar\u0131 Grup Y\u0131ld\u0131r\u0131m Karde\u015fler ile konser, k\u00fclt\u00fcr geceleri ve benzeri organizasyonlarda yer alm\u0131\u015ft\u0131r.<\/p>\n<figure id=\"attachment_718\" aria-describedby=\"caption-attachment-718\" style=\"width: 512px\" class=\"wp-caption aligncenter\"><img decoding=\"async\" loading=\"lazy\" class=\"size-full wp-image-718\" src=\"https:\/\/bordomuzik.com\/wp-content\/uploads\/2019\/04\/ayhan-y\u0131ld\u0131r\u0131m-arka-kap.512x424-1.jpg\" alt=\"\" width=\"512\" height=\"424\" srcset=\"https:\/\/bordomuzik.com\/wp-content\/uploads\/2019\/04\/ayhan-y\u0131ld\u0131r\u0131m-arka-kap.512x424-1.jpg 512w, https:\/\/bordomuzik.com\/wp-content\/uploads\/2019\/04\/ayhan-y\u0131ld\u0131r\u0131m-arka-kap.512x424-1-300x248.jpg 300w\" sizes=\"(max-width: 512px) 100vw, 512px\" \/><figcaption id=\"caption-attachment-718\" class=\"wp-caption-text\">ayhan-yildirimdan-mihman-albumu-3<\/figcaption><\/figure>\n<p>&nbsp;<\/p>\n<p>Ayn\u0131 zamanda ba\u011flama \u00e7alma merak\u0131 olan Ayhan Y\u0131ld\u0131r\u0131m, \u00f6zellikle T\u00fcrk Halk M\u00fczi\u011finin \u00fcstatlar\u0131n\u0131 dinleyerek kendisini geli\u015ftirmi\u015ftir.<\/p>\n<p>1997 Y\u0131l\u0131nda abisi Ayd\u0131n Y\u0131ld\u0131r\u0131m ile \u2018 Sava\u015flar Durmuyor\u2019 isimli ilk alb\u00fcm \u00e7al\u0131\u015fmas\u0131n\u0131 ger\u00e7ekle\u015ftirmi\u015ftir. M\u00fczik hayat\u0131n\u0131n yan\u0131 s\u0131ra \u00dcniversitede Ekonomi ve \u0130\u015fletme b\u00f6l\u00fcm\u00fcn\u00fc bitirmi\u015ftir. Ayr\u0131ca Avrupa\u2019da organize edilen farkl\u0131 ses yar\u0131\u015fmalar\u0131nda bir birincilik ve birde ikincili\u011fi mevcuttur.<\/p>\n<p>2012 Y\u0131l\u0131nda yeni bir alb\u00fcm \u00e7al\u0131\u015fmas\u0131na ba\u015flayan Ayhan Y\u0131ld\u0131r\u0131m, aranj\u00f6r ve y\u00f6netmenli\u011fini\u00a0 Ali \u00c7abuk\u2019un \u00fcstlendi\u011fi \u2018Mihman\u2019 \u00a0isimli alb\u00fcmde Sevcan Orhan gibi \u00e7ok de\u011ferli isimler ile \u00e7al\u0131\u015fm\u0131\u015ft\u0131r. Alb\u00fcmde kendisine ait beste \u00e7al\u0131\u015fmalar\u0131nada yer veren Ayhan Y\u0131ld\u0131r\u0131m, toplamda sekiz eser seslendirmi\u015ftir.\u00a0 <strong>\u00a0\u201c M\u0130HMAN \u201c adl\u0131 alb\u00fcm,\u00a001\/Temmuz\/2016 tarihinde t\u00fcm m\u00fczik marketlerde yerini ald\u0131.<\/strong><\/p>\n","protected":false},"excerpt":{"rendered":"<p>Alb\u00fcm\u00fcn aranj\u00f6rl\u00fc\u011f\u00fc ve y\u00f6netmenli\u011fini\u00a0 Ali \u00c7abuk \u00fcstlendi. \u2018Mihman\u2019 \u00a0isimli alb\u00fcmde Sevcan Orhan gibi \u00e7ok de\u011ferli isimler ile \u00e7al\u0131\u015fm\u0131\u015ft\u0131r. &nbsp; &nbsp; Ayhan Y\u0131ld\u0131r\u0131m&#8217;\u0131n Avrupa\u2019da organize edilen farkl\u0131 ses yar\u0131\u015fmalar\u0131nda bir birincilik ve birde ikincili\u011fi mevcuttur. Dinleyebilece\u011finiz ve \u0130ndirebilece\u011finiz Dijital Platformlar Ayhan Y\u0131ld\u0131r\u0131m 1978 Almanya\u2019n\u0131n Augsburg \u015fehrinde do\u011fdu. Aile k\u00f6keni Sivas \u0130mranl\u0131 il\u00e7esinin \u00c7and\u0131r k\u00f6y\u00fcne dayanmaktad\u0131r. D\u00f6rt&#8230;<\/p>\n","protected":false},"author":3,"featured_media":716,"comment_status":"open","ping_status":"open","sticky":false,"template":"","format":"standard","meta":[],"categories":[26,3,4,8],"tags":[96,219,289,317],"aioseo_notices":[],"jetpack_sharing_enabled":true,"jetpack_featured_media_url":"https:\/\/bordomuzik.com\/wp-content\/uploads\/2019\/04\/ayhan-y\u0131ld\u0131r\u0131m-620X401\u00f6n-kapak-1.jpg","_links":{"self":[{"href":"https:\/\/bordomuzik.com\/index.php?rest_route=\/wp\/v2\/posts\/715"}],"collection":[{"href":"https:\/\/bordomuzik.com\/index.php?rest_route=\/wp\/v2\/posts"}],"about":[{"href":"https:\/\/bordomuzik.com\/index.php?rest_route=\/wp\/v2\/types\/post"}],"author":[{"embeddable":true,"href":"https:\/\/bordomuzik.com\/index.php?rest_route=\/wp\/v2\/users\/3"}],"replies":[{"embeddable":true,"href":"https:\/\/bordomuzik.com\/index.php?rest_route=%2Fwp%2Fv2%2Fcomments&post=715"}],"version-history":[{"count":0,"href":"https:\/\/bordomuzik.com\/index.php?rest_route=\/wp\/v2\/posts\/715\/revisions"}],"wp:featuredmedia":[{"embeddable":true,"href":"https:\/\/bordomuzik.com\/index.php?rest_route=\/wp\/v2\/media\/716"}],"wp:attachment":[{"href":"https:\/\/bordomuzik.com\/index.php?rest_route=%2Fwp%2Fv2%2Fmedia&parent=715"}],"wp:term":[{"taxonomy":"category","embeddable":true,"href":"https:\/\/bordomuzik.com\/index.php?rest_route=%2Fwp%2Fv2%2Fcategories&post=715"},{"taxonomy":"post_tag","embeddable":true,"href":"https:\/\/bordomuzik.com\/index.php?rest_route=%2Fwp%2Fv2%2Ftags&post=715"}],"curies":[{"name":"wp","href":"https:\/\/api.w.org\/{rel}","templated":true}]}}